{"id":18018,"date":"2022-07-28T10:48:06","date_gmt":"2022-07-28T15:48:06","guid":{"rendered":"https:\/\/wildlifepreservation.ca\/blog\/?p=16535"},"modified":"2026-08-11T08:17:20","modified_gmt":"2026-08-11T13:17:20","slug":"second-generation-of-duskywing-butterflies-anticipated","status":"publish","type":"post","link":"https:\/\/wildlifepreservation.ca\/fr\/blog\/second-generation-of-duskywing-butterflies-anticipated\/","title":{"rendered":"Second generation of duskywing butterflies anticipated!"},"content":{"rendered":"<div id='av_section_1'  class='avia-section av-5at771e-70a5b14bb6da7dc728707f54139332d0 main_color avia-section-default avia-no-border-styling  avia-builder-el-0  el_before_av_section  avia-builder-el-first  blog-inner avia-bg-style-scroll container_wrap fullsize'  ><div class='container av-section-cont-open' ><main  role=\"main\" itemprop=\"mainContentOfPage\"  class='template-page content  av-content-full alpha units'><div class='post-entry post-entry-type-page post-entry-18018'><div class='entry-content-wrapper clearfix'>\n\n<style type=\"text\/css\" data-created_by=\"avia_inline_auto\" id=\"style-css-av-lfmp7e9z-fd368a232c67a9f8e15bc6b87688b918\">\n#top .av-special-heading.av-lfmp7e9z-fd368a232c67a9f8e15bc6b87688b918{\npadding-bottom:10px;\n}\nbody .av-special-heading.av-lfmp7e9z-fd368a232c67a9f8e15bc6b87688b918 .av-special-heading-tag .heading-char{\nfont-size:25px;\n}\n.av-special-heading.av-lfmp7e9z-fd368a232c67a9f8e15bc6b87688b918 .av-subheading{\nfont-size:15px;\n}\n<\/style>\n<div  class='av-special-heading av-lfmp7e9z-fd368a232c67a9f8e15bc6b87688b918 av-special-heading-h1 blockquote modern-quote modern-centered  avia-builder-el-1  el_before_av_post_metadata  avia-builder-el-first'><h1 class='av-special-heading-tag'  itemprop=\"headline\"  >Second generation of duskywing butterflies anticipated!<\/h1><div class=\"special-heading-border\"><div class=\"special-heading-inner-border\"><\/div><\/div><\/div>\n\n<style type=\"text\/css\" data-created_by=\"avia_inline_auto\" id=\"style-css-av-4nnoc4i-d213884ed2238fbf495200d265086792\">\n#top .av-post-metadata-container.av-4nnoc4i-d213884ed2238fbf495200d265086792{\nfont-size:16px;\n}\n#top .av-post-metadata-container.av-4nnoc4i-d213884ed2238fbf495200d265086792 .av-post-metadata-container-inner{\nfont-size:16px;\n}\n<\/style>\n<div  class='av-post-metadata-container av-4nnoc4i-d213884ed2238fbf495200d265086792 av-metadata-container-align-left  avia-builder-el-2  el_after_av_heading  avia-builder-el-last  av-metadata-container-1'><div class='av-post-metadata-container-inner'><span class=\"av-post-metadata-content av-post-metadata-meta-content\"><span class=\"av-post-metadata-content av-post-metadata-published\"><span class=\"av-metadata-before av-metadata-before-published\">Publi\u00e9 le<\/span><span class=\"av-post-metadata-published-date\" >juillet 28, 2022<\/span><\/span><span class=\"av-post-metadata-content av-post-metadata-separator\"><\/span><span class=\"av-post-metadata-content av-post-metadata-author\"  itemprop=\"author\" ><span class=\"av-metadata-before av-metadata-before-author\">par<\/span><span class=\"av-post-metadata-author-link\" ><a href=\"https:\/\/wildlifepreservation.ca\/fr\/blog\/author\/ethan-quenneville\/\"  rel=\"author\">Ethan Quenneville<\/a><\/span><\/span><span class=\"av-post-metadata-content av-post-metadata-separator\"><\/span><span class=\"av-post-metadata-content av-post-metadata-category\"><span class=\"av-metadata-before av-metadata-before-categories\">|<\/span><span class=\"av-post-metadata-category-link\" ><a href=\"https:\/\/wildlifepreservation.ca\/fr\/species\/mottled-duskywing-butterfly\/\" >Hesp\u00e9rie tachet\u00e9e<\/a><\/span>, <span class=\"av-post-metadata-category-link\" ><a href=\"https:\/\/wildlifepreservation.ca\/fr\/blog\/category\/news-and-events\/\" >Actualit\u00e9s et \u00e9v\u00e9nements<\/a><\/span>, <span class=\"av-post-metadata-category-link\" ><a href=\"https:\/\/wildlifepreservation.ca\/fr\/blog\/project\/pollinators\/\" >Pollinisateurs<\/a><\/span><\/span><\/span><\/div><\/div>\n\n<\/div><\/div><\/main><!-- close content main element --><\/div><\/div><div id='av_section_2'  class='avia-section av-av_section-07697afc0c8c61850a5a26bd6d3ca3fe main_color avia-section-default avia-no-border-styling  avia-builder-el-3  el_after_av_section  el_before_av_section  species-inner-content-intro-wrapper avia-bg-style-scroll container_wrap fullsize'  ><div class='container av-section-cont-open' ><div class='template-page content  av-content-full alpha units'><div class='post-entry post-entry-type-page post-entry-18018'><div class='entry-content-wrapper clearfix'>\n\n<style type=\"text\/css\" data-created_by=\"avia_inline_auto\" id=\"style-css-av-av_one_full-f17b3659ed3960b0d46d3a16ba1d3a7b\">\n.flex_column.av-av_one_full-f17b3659ed3960b0d46d3a16ba1d3a7b{\npadding:25px 25px 25px 25px;\nbackground-color:#f8fbf4;\n}\n<\/style>\n<div  class='flex_column av-av_one_full-f17b3659ed3960b0d46d3a16ba1d3a7b av_one_full  avia-builder-el-4  avia-builder-el-no-sibling  light-section first flex_column_div'     ><section  class='av_textblock_section av-msoopmmn-2203692c4720760dcd0cc0721e8c2a58'   itemscope=\"itemscope\" itemtype=\"https:\/\/schema.org\/BlogPosting\" itemprop=\"blogPost\" ><div class='avia_textblock'  itemprop=\"text\" ><p class=\"p1\"><b>Qu'est-ce que le Programme de r\u00e9tablissement de l'hesp\u00e9rie tachet\u00e9e et l'\u00c9quipe de r\u00e9tablissement des papillons en p\u00e9ril de l'Ontario ?<\/b>\u00a0The Ontario Butterfly Species at Risk Team is comprised of a collaborative and multi-disciplinary group of individuals with representatives from academia, non-government organizations, federal &amp; provincial government, the private sector, conservation authorities, and First Nations. WPC is an active member of the Ontario Butterfly Species at Risk Recovery Team, a collaborative, multi-disciplinary group which has been leading monitoring, habitat restoration, conservation, and research activities for mottled duskywing since 2017.<\/p>\n<\/div><\/section><\/div><\/div><\/div><\/div><!-- close content main div --><\/div><\/div><div id='av_section_3'  class='avia-section av-2ugh0te-43118663cbc637ecd5550722fdfb183c main_color avia-section-default avia-no-border-styling  avia-builder-el-6  el_after_av_section  el_before_av_section  species-inner-content-intro-wrapper avia-bg-style-scroll container_wrap fullsize'  ><div class='container av-section-cont-open' ><div class='template-page content  av-content-full alpha units'><div class='post-entry post-entry-type-page post-entry-18018'><div class='entry-content-wrapper clearfix'>\n<section  class='av_textblock_section av-lfmp7vn6-957008c08e0a006508899b4909c791fc'   itemscope=\"itemscope\" itemtype=\"https:\/\/schema.org\/BlogPosting\" itemprop=\"blogPost\" ><div class='avia_textblock'  itemprop=\"text\" ><p>#Teambutterfly in Pinery Provincial Park on the shores of Lake Huron, ON, has made crucial advancements in the ongoing mottled duskywing reintroduction project. Working with endangered species is nothing new to me. In the past, I have found myself surveying\/mapping populations of rare flower species and working with endangered turtles in provincially significant habitats. This project allows me to apply my understanding of Pinery and my skills regarding vegetation surveys, operating GPS equipment, and handling endangered butterflies. So far, it\u2019s been a positively amazing and beneficial experience. Well now, enough about me\u2026 let\u2019s talk about the butterflies, shall we?<\/p>\n<p>After noting the coordinates where team members observed female mottled duskywing butterflies ovipositing back in May, we returned to these same plants in July and began searching through each and every stem with the hopes of locating a caterpillar. By mid June, the team located three separate mottled duskywing larvae, which was a milestone for the project in Pinery! These discoveries helped us determine the age and location of the larvae. With this information, the team started to anticipate a second generation of mottled duskywing adults emerging in the near future.<\/p>\n<\/div><\/section>\n<div  class='flex_column av-270nd4y-bb3130a3e8ae6ae070f26dcdbbcd7ce7 av_one_half  avia-builder-el-8  el_after_av_textblock  el_before_av_one_half  first flex_column_div  column-top-margin'     ><style type=\"text\/css\" data-created_by=\"avia_inline_auto\" id=\"style-css-av-lfmp8zrn-8ba9df3372318e76e4df96fa0fcf4bf4\">\n.avia-image-container.av-lfmp8zrn-8ba9df3372318e76e4df96fa0fcf4bf4 img.avia_image{\nbox-shadow:none;\n}\n.avia-image-container.av-lfmp8zrn-8ba9df3372318e76e4df96fa0fcf4bf4 .av-image-caption-overlay-center{\ncolor:#ffffff;\n}\n<\/style>\n<div  class='avia-image-container av-lfmp8zrn-8ba9df3372318e76e4df96fa0fcf4bf4 av-styling- avia-align-center  avia-builder-el-9  avia-builder-el-no-sibling'   itemprop=\"image\" itemscope=\"itemscope\" itemtype=\"https:\/\/schema.org\/ImageObject\" ><div class=\"avia-image-container-inner\"><div class=\"avia-image-overlay-wrap\"><img fetchpriority=\"high\" class='wp-image-37587 avia-img-lazy-loading-not-37587 avia_image' src='https:\/\/wildlifepreservation.ca\/wp-content\/uploads\/2022\/07\/WPC-Blog-Pic1-scaled-1-810x1080.jpg' alt='' title='WPC-Blog-Pic1-scaled'  height=\"1080\" width=\"810\"  itemprop=\"thumbnailUrl\"  \/><\/div><\/div><\/div><\/div><div  class='flex_column av-1th7s6a-e29cc9b1a501e9ff6ca0c27be04a034d av_one_half  avia-builder-el-10  el_after_av_one_half  el_before_av_textblock  flex_column_div  column-top-margin'     ><style type=\"text\/css\" data-created_by=\"avia_inline_auto\" id=\"style-css-av-lfmp9p8z-4c2fcf3c2da3d4d6cac8b0b2064f1786\">\n.avia-image-container.av-lfmp9p8z-4c2fcf3c2da3d4d6cac8b0b2064f1786 img.avia_image{\nbox-shadow:none;\n}\n.avia-image-container.av-lfmp9p8z-4c2fcf3c2da3d4d6cac8b0b2064f1786 .av-image-caption-overlay-center{\ncolor:#ffffff;\n}\n<\/style>\n<div  class='avia-image-container av-lfmp9p8z-4c2fcf3c2da3d4d6cac8b0b2064f1786 av-styling- avia-align-center  avia-builder-el-11  avia-builder-el-no-sibling'   itemprop=\"image\" itemscope=\"itemscope\" itemtype=\"https:\/\/schema.org\/ImageObject\" ><div class=\"avia-image-container-inner\"><div class=\"avia-image-overlay-wrap\"><img class='wp-image-37589 avia-img-lazy-loading-not-37589 avia_image' src='https:\/\/wildlifepreservation.ca\/wp-content\/uploads\/2022\/07\/WPC-Blog-Pic2-scaled-1-810x1080.jpg' alt='' title='WPC-Blog-Pic2-scaled'  height=\"1080\" width=\"810\"  itemprop=\"thumbnailUrl\"  \/><\/div><\/div><\/div><\/div><section  class='av_textblock_section av-lfmpa0s9-208d8ad60ae2a0be0ba526cf93af5c4e'   itemscope=\"itemscope\" itemtype=\"https:\/\/schema.org\/BlogPosting\" itemprop=\"blogPost\" ><div class='avia_textblock'  itemprop=\"text\" ><p style=\"text-align: center;\"><em>These fresh adult males were seen basking out in the open, waiting for a potential mate. Notice the missing scales on the right wings of the second individual. This suggests he has been busy defending his territory or maybe had a close encounter with a predator.<\/em><\/p>\n<\/div><\/section>\n<section  class='av_textblock_section av-lfmpayc5-4e422516cc2cb54b5beada34e22140bf'   itemscope=\"itemscope\" itemtype=\"https:\/\/schema.org\/BlogPosting\" itemprop=\"blogPost\" ><div class='avia_textblock'  itemprop=\"text\" ><p>We dusted off our nets and searched for the new generation of fresh duskywing adults. It wasn\u2019t long until two males were sighted; one each on the 12th, and the 13th of July. This was solid evidence that we were at the precipice of a second flight period in Pinery. Typically, mottled duskywing males will emerge first and wait until fresh females are on the wing. Mating and ovipositing usually occur soon after. On July 14th, on a beautiful bluebird day, I sighted two adult individuals joined at the abdomen! Myself and my coworker Michelle were ecstatic as we snapped dozens of pictures, and documented this first-time discovery for the project.<\/p>\n<\/div><\/section>\n\n<style type=\"text\/css\" data-created_by=\"avia_inline_auto\" id=\"style-css-av-lfmpcow7-8e9e1b1b2e88cec51402407e2e25aa54\">\n.avia-image-container.av-lfmpcow7-8e9e1b1b2e88cec51402407e2e25aa54 img.avia_image{\nbox-shadow:none;\n}\n.avia-image-container.av-lfmpcow7-8e9e1b1b2e88cec51402407e2e25aa54 .av-image-caption-overlay-center{\ncolor:#ffffff;\n}\n<\/style>\n<div  class='avia-image-container av-lfmpcow7-8e9e1b1b2e88cec51402407e2e25aa54 av-styling- avia-align-center  avia-builder-el-14  el_after_av_textblock  el_before_av_textblock'   itemprop=\"image\" itemscope=\"itemscope\" itemtype=\"https:\/\/schema.org\/ImageObject\" ><div class=\"avia-image-container-inner\"><div class=\"avia-image-overlay-wrap\"><img class='wp-image-37590 avia-img-lazy-loading-not-37590 avia_image' src='https:\/\/wildlifepreservation.ca\/wp-content\/uploads\/2022\/07\/WPC-Blog-Pic3-scaled-1-810x1080.jpg' alt='' title='WPC-Blog-Pic3-scaled'  height=\"1080\" width=\"810\"  itemprop=\"thumbnailUrl\"  \/><\/div><\/div><\/div>\n<section  class='av_textblock_section av-lfmpd7po-3ba3d8bd312e0ec2d0296f5bac585852'   itemscope=\"itemscope\" itemtype=\"https:\/\/schema.org\/BlogPosting\" itemprop=\"blogPost\" ><div class='avia_textblock'  itemprop=\"text\" ><p style=\"text-align: center;\"><em>Two adult mottled duskywing can be observed mating as the male transfers a sperm \u2018package\u2019 to the female\u2019s abdomen.<\/em><\/p>\n<\/div><\/section>\n<section  class='av_textblock_section av-lfmpdnem-c4d6201dae163aacc5a2cf21fcf1c237'   itemscope=\"itemscope\" itemtype=\"https:\/\/schema.org\/BlogPosting\" itemprop=\"blogPost\" ><div class='avia_textblock'  itemprop=\"text\" ><p>With the next \u2018batch\u2019 of conservation-reared mottled duskywing individuals arriving soon from the Cambridge Butterfly Conservatory, we hope to be very busy with releasing even more butterflies here in the upcoming weeks. #Teambutterfly is committed to monitoring the population that is slowly but surely returning to the wild.<\/p>\n<p>I would like to acknowledge the efforts of last year\u2019s team in Pinery, our project leads and partners, and everyone involved in breeding these butterflies at the conservatory. The reintroduction of mottled duskywing would not be possible without the support and groundwork of many dedicated people.<\/p>\n<p>In the meantime, #Teambutterfly is gearing up towards a crucial end-of-season here in Pinery. Setting the stage for more success stories next year. We are collectively thrilled regarding the evidence of a healthy population in the park. The butterflies still need our help, but we are definitely on the right track.<\/p>\n<\/div><\/section>\n<\/p>\n<\/div><\/div><\/div><!-- close content main div --><\/div><\/div><div id='av_section_4'  class='avia-section av-19dw9c2-9061bcb9043c0a634fb627a6486991f1 main_color avia-section-default avia-no-border-styling  avia-builder-el-17  el_after_av_section  el_before_av_section  blog-inner avia-bg-style-scroll container_wrap fullsize'  ><div class='container av-section-cont-open' ><div class='template-page content  av-content-full alpha units'><div class='post-entry post-entry-type-page post-entry-18018'><div class='entry-content-wrapper clearfix'>\n<div  class='flex_column av-34jb8i-90472ea2a2ff9b90615663bfe647be98 av_one_full  avia-builder-el-18  avia-builder-el-no-sibling  author-section first flex_column_div'     ><section  class='av_textblock_section av-lfmpenxr-6c03d5be021444e9f4aaee576ae3c10f'   itemscope=\"itemscope\" itemtype=\"https:\/\/schema.org\/BlogPosting\" itemprop=\"blogPost\" ><div class='avia_textblock'  itemprop=\"text\" ><h3 style=\"text-align: left;\">Ethan Quenneville<\/h3>\n<h5 style=\"text-align: left;\">Field Assistant \u2013 Mottled Duskywing Recovery<\/h5>\n<p>Ethan is a graduate of Fleming College, where he studied Environmental Technology. He has a keen interest in insects, plants, and reptiles. He enjoys working outdoors and is always seeking opportunities to participate in the realm of conservation sciences.<\/p>\n<\/div><\/section><br \/>\n\n<style type=\"text\/css\" data-created_by=\"avia_inline_auto\" id=\"style-css-av-lfmpe0ou-cedc81f8871baf284c5a0e2b12ca417b\">\n.avia-image-container.av-lfmpe0ou-cedc81f8871baf284c5a0e2b12ca417b img.avia_image{\nbox-shadow:none;\n}\n.avia-image-container.av-lfmpe0ou-cedc81f8871baf284c5a0e2b12ca417b .av-image-caption-overlay-center{\ncolor:#ffffff;\n}\n<\/style>\n<div  class='avia-image-container av-lfmpe0ou-cedc81f8871baf284c5a0e2b12ca417b av-styling- avia-align-center  avia-builder-el-20  el_after_av_textblock  avia-builder-el-last  author-pic'   itemprop=\"image\" itemscope=\"itemscope\" itemtype=\"https:\/\/schema.org\/ImageObject\" ><div class=\"avia-image-container-inner\"><div class=\"avia-image-overlay-wrap\"><img class='wp-image-37586 avia-img-lazy-loading-not-37586 avia_image' src='https:\/\/wildlifepreservation.ca\/wp-content\/uploads\/2022\/07\/Ethan-1080x1080.jpg' alt='' title='Ethan'  height=\"1080\" width=\"1080\"  itemprop=\"thumbnailUrl\"  \/><\/div><\/div><\/div><\/p><\/div>\n\n<\/div><\/div><\/div><!-- close content main div --><\/div><\/div><div id='blog-inner'  class='avia-section av-av_section-8eecd69ce36189f9165e9139e4f86b78 main_color avia-section-default avia-no-border-styling  avia-builder-el-21  el_after_av_section  el_before_av_section  blog-section avia-bg-style-scroll container_wrap fullsize'  ><div class='container av-section-cont-open' ><div class='template-page content  av-content-full alpha units'><div class='post-entry post-entry-type-page post-entry-18018'><div class='entry-content-wrapper clearfix'>\n<div  id=\"recent-articles-project\"  class='flex_column av-av_one_full-976baad68ed45a5be92561c364634969 av_one_full  avia-builder-el-22  el_before_av_one_full  avia-builder-el-first  more-articles-section first flex_column_div'     ><section  class='av_textblock_section av-av_textblock-7a1af7d8f9790576b1769c0a9f0449ed'   itemscope=\"itemscope\" itemtype=\"https:\/\/schema.org\/BlogPosting\" itemprop=\"blogPost\" ><div class='avia_textblock'  itemprop=\"text\" ><h2>Articles r\u00e9cents sur le projet<\/h2>\n<\/div><\/section><\/div>\n<style type=\"text\/css\" data-created_by=\"avia_inline_auto\" id=\"style-css-av-av_one_full-7c1c4378b5fdbfb47cc43070bf9f9eef\">\n#top .flex_column.av-av_one_full-7c1c4378b5fdbfb47cc43070bf9f9eef{\nmargin-top:20px;\nmargin-bottom:15px;\n}\n.responsive #top #wrap_all .flex_column.av-av_one_full-7c1c4378b5fdbfb47cc43070bf9f9eef{\nmargin-top:20px;\nmargin-bottom:15px;\n}\n<\/style>\n<div  class='flex_column av-av_one_full-7c1c4378b5fdbfb47cc43070bf9f9eef av_one_full  avia-builder-el-24  el_after_av_one_full  avia-builder-el-last  first flex_column_div  column-top-margin'     ><div  class='av-alb-blogposts template-blog  blog-home'  itemscope=\"itemscope\" itemtype=\"https:\/\/schema.org\/Blog\" ><article class=\"post-entry post-entry-type-standard post-entry-56125 post-loop-1 post-parity-odd single-big with-slider post-56125 post type-post status-publish format-standard has-post-thumbnail hentry category-news-and-events project-canadas-new-noahs\"  itemscope=\"itemscope\" itemtype=\"https:\/\/schema.org\/BlogPosting\" ><div class=\"blog-meta\"><\/div><div class='entry-content-wrapper clearfix standard-content'><header class=\"entry-content-header\" aria-label=\"Post: Keep calm and carrion\"><div class=\"av-heading-wrapper\"><h2 class='post-title entry-title'  itemprop=\"headline\" ><a href=\"https:\/\/wildlifepreservation.ca\/fr\/blog\/keep-calm-and-carrion\/\" rel=\"bookmark\" title=\"Permanent Link: Keep calm and carrion\">Restez calme et carcasses<span class=\"post-format-icon minor-meta\"><\/span><\/a><\/h2><span class=\"blog-categories minor-meta\"><a href=\"https:\/\/wildlifepreservation.ca\/fr\/blog\/category\/news-and-events\/\" rel=\"tag\">Actualit\u00e9s et \u00e9v\u00e9nements<\/a> <a href=\"https:\/\/wildlifepreservation.ca\/fr\/blog\/project\/canadas-new-noahs\/\" rel=\"tag\">Les prochains No\u00e9 du Canada<\/a><\/span><\/div><\/header><span class=\"av-vertical-delimiter\"><\/span><div class=\"big-preview single-big\"  itemprop=\"image\" itemscope=\"itemscope\" itemtype=\"https:\/\/schema.org\/ImageObject\" ><a href=\"https:\/\/wildlifepreservation.ca\/fr\/blog\/keep-calm-and-carrion\/\"  title=\"Thumbnail_20260813_CNN_BeardedVulture_HollyCale\" ><img decoding=\"async\" loading=\"lazy\" width=\"400\" height=\"401\" src=\"https:\/\/wildlifepreservation.ca\/wp-content\/uploads\/2026\/08\/Thumbnail_20260813_CNN_BeardedVulture_HollyCale.jpg\" class=\"wp-image-56134 avia-img-lazy-loading-56134 attachment-entry_without_sidebar size-entry_without_sidebar wp-post-image\" alt=\"\" srcset=\"https:\/\/wildlifepreservation.ca\/wp-content\/uploads\/2026\/08\/Thumbnail_20260813_CNN_BeardedVulture_HollyCale.jpg 400w, https:\/\/wildlifepreservation.ca\/wp-content\/uploads\/2026\/08\/Thumbnail_20260813_CNN_BeardedVulture_HollyCale-300x300.jpg 300w, https:\/\/wildlifepreservation.ca\/wp-content\/uploads\/2026\/08\/Thumbnail_20260813_CNN_BeardedVulture_HollyCale-80x80.jpg 80w, https:\/\/wildlifepreservation.ca\/wp-content\/uploads\/2026\/08\/Thumbnail_20260813_CNN_BeardedVulture_HollyCale-12x12.jpg 12w, https:\/\/wildlifepreservation.ca\/wp-content\/uploads\/2026\/08\/Thumbnail_20260813_CNN_BeardedVulture_HollyCale-36x36.jpg 36w, https:\/\/wildlifepreservation.ca\/wp-content\/uploads\/2026\/08\/Thumbnail_20260813_CNN_BeardedVulture_HollyCale-180x180.jpg 180w\" sizes=\"auto, (max-width: 400px) 100vw, 400px\" \/><\/a><\/div><div class=\"entry-content\"  itemprop=\"text\" ><div class=\"read-more-link\"><a href=\"https:\/\/wildlifepreservation.ca\/fr\/blog\/keep-calm-and-carrion\/\" class=\"more-link\">Read more<span class='more-link-arrow avia-svg-icon avia-font-svg_entypo-fontello' data-av_svg_icon='right-open-big' data-av_iconset='svg_entypo-fontello'><svg version=\"1.1\" xmlns=\"http:\/\/www.w3.org\/2000\/svg\" width=\"15\" height=\"32\" viewbox=\"0 0 15 32\" preserveaspectratio=\"xMidYMid meet\" role=\"graphics-symbol\" aria-hidden=\"true\">\n<path d=\"M0.416 27.84l11.456-11.84-11.456-11.904q-0.832-0.832 0-1.536 0.832-0.832 1.536 0l12.544 12.608q0.768 0.832 0 1.6l-12.544 12.608q-0.704 0.832-1.536 0-0.832-0.704 0-1.536z\"><\/path>\n<\/svg><\/span><\/a><\/div>\n<\/div><span class=\"post-meta-infos\"><time class=\"date-container minor-meta updated\"  itemprop=\"datePublished\" datetime=\"2026-08-27T10:38:09-05:00\" >27 ao\u00fbt 2026<\/time><span class=\"text-sep\">\/<\/span><span class=\"blog-author minor-meta\">par <span class=\"entry-author-link\"  itemprop=\"author\" ><span class=\"author\"><span class=\"fn\"><a href=\"https:\/\/wildlifepreservation.ca\/fr\/blog\/author\/jenna-kissel\/\" rel=\"author\">Jenna Kissel<\/a><\/span><\/span><\/span><\/span><\/span><footer class=\"entry-footer\"><\/footer><div class='post_delimiter'><\/div><\/div><div class=\"post_author_timeline\"><\/div><span class='hidden'>\n\t\t\t\t<span class='av-structured-data'  itemprop=\"image\" itemscope=\"itemscope\" itemtype=\"https:\/\/schema.org\/ImageObject\" >\n\t\t\t\t\t\t<span itemprop='url'>https:\/\/wildlifepreservation.ca\/wp-content\/uploads\/2026\/08\/Thumbnail_20260813_CNN_BeardedVulture_HollyCale.jpg<\/span>\n\t\t\t\t\t\t<span itemprop='height'>401<\/span>\n\t\t\t\t\t\t<span itemprop='width'>400<\/span>\n\t\t\t\t<\/span>\n\t\t\t\t<span class='av-structured-data'  itemprop=\"publisher\" itemtype=\"https:\/\/schema.org\/Organization\" itemscope=\"itemscope\" >\n\t\t\t\t\t\t<span itemprop='name'>Jenna Kissel<\/span>\n\t\t\t\t\t\t<span itemprop='logo' itemscope itemtype='https:\/\/schema.org\/ImageObject'>\n\t\t\t\t\t\t\t<span itemprop='url'>https:\/\/wildlifepreservation.ca\/wp-content\/uploads\/2026\/06\/WPC_Frn-scaled.jpg<\/span>\n\t\t\t\t\t\t<\/span>\n\t\t\t\t<\/span><span class='av-structured-data'  itemprop=\"author\" itemscope=\"itemscope\" itemtype=\"https:\/\/schema.org\/Person\" ><span itemprop='name'>Jenna Kissel<\/span><\/span><span class='av-structured-data'  itemprop=\"datePublished\" datetime=\"2026-08-27T10:38:09-05:00\" >2026-08-27 10:38:09<\/span><span class='av-structured-data'  itemprop=\"dateModified\" itemtype=\"https:\/\/schema.org\/dateModified\" >2026-08-28 12:05:55<\/span><span class='av-structured-data'  itemprop=\"mainEntityOfPage\" itemtype=\"https:\/\/schema.org\/mainEntityOfPage\" ><span itemprop='name'>Restez calme et carcasses<\/span><\/span><\/span><\/article><article class=\"post-entry post-entry-type-standard post-entry-56110 post-loop-2 post-parity-even single-big with-slider post-56110 post type-post status-publish format-standard has-post-thumbnail hentry category-news-and-events project-canadas-new-noahs\"  itemscope=\"itemscope\" itemtype=\"https:\/\/schema.org\/BlogPosting\" ><div class=\"blog-meta\"><\/div><div class='entry-content-wrapper clearfix standard-content'><header class=\"entry-content-header\" aria-label=\"Post: A most precious cargo\"><div class=\"av-heading-wrapper\"><h2 class='post-title entry-title'  itemprop=\"headline\" ><a href=\"https:\/\/wildlifepreservation.ca\/fr\/blog\/a-most-precious-cargo\/\" rel=\"bookmark\" title=\"Permanent Link: A most precious cargo\">Une cargaison tr\u00e8s pr\u00e9cieuse<span class=\"post-format-icon minor-meta\"><\/span><\/a><\/h2><span class=\"blog-categories minor-meta\"><a href=\"https:\/\/wildlifepreservation.ca\/fr\/blog\/category\/news-and-events\/\" rel=\"tag\">Actualit\u00e9s et \u00e9v\u00e9nements<\/a> <a href=\"https:\/\/wildlifepreservation.ca\/fr\/blog\/project\/canadas-new-noahs\/\" rel=\"tag\">Les prochains No\u00e9 du Canada<\/a><\/span><\/div><\/header><span class=\"av-vertical-delimiter\"><\/span><div class=\"big-preview single-big\"  itemprop=\"image\" itemscope=\"itemscope\" itemtype=\"https:\/\/schema.org\/ImageObject\" ><a href=\"https:\/\/wildlifepreservation.ca\/fr\/blog\/a-most-precious-cargo\/\"  title=\"2026 Blog photo reformatting - AMostPreciousCargo_DarynJuniperCutting_DarynFarrant\" ><img decoding=\"async\" loading=\"lazy\" width=\"400\" height=\"400\" src=\"https:\/\/wildlifepreservation.ca\/wp-content\/uploads\/2026\/08\/Thumbnail_AMostPreciousCargo_DarynJuniperCutting_DarynFarrant.jpg\" class=\"wp-image-56123 avia-img-lazy-loading-56123 attachment-entry_without_sidebar size-entry_without_sidebar wp-post-image\" alt=\"\" srcset=\"https:\/\/wildlifepreservation.ca\/wp-content\/uploads\/2026\/08\/Thumbnail_AMostPreciousCargo_DarynJuniperCutting_DarynFarrant.jpg 400w, https:\/\/wildlifepreservation.ca\/wp-content\/uploads\/2026\/08\/Thumbnail_AMostPreciousCargo_DarynJuniperCutting_DarynFarrant-300x300.jpg 300w, https:\/\/wildlifepreservation.ca\/wp-content\/uploads\/2026\/08\/Thumbnail_AMostPreciousCargo_DarynJuniperCutting_DarynFarrant-80x80.jpg 80w, https:\/\/wildlifepreservation.ca\/wp-content\/uploads\/2026\/08\/Thumbnail_AMostPreciousCargo_DarynJuniperCutting_DarynFarrant-12x12.jpg 12w, https:\/\/wildlifepreservation.ca\/wp-content\/uploads\/2026\/08\/Thumbnail_AMostPreciousCargo_DarynJuniperCutting_DarynFarrant-36x36.jpg 36w, https:\/\/wildlifepreservation.ca\/wp-content\/uploads\/2026\/08\/Thumbnail_AMostPreciousCargo_DarynJuniperCutting_DarynFarrant-180x180.jpg 180w\" sizes=\"auto, (max-width: 400px) 100vw, 400px\" \/><\/a><\/div><div class=\"entry-content\"  itemprop=\"text\" ><div class=\"read-more-link\"><a href=\"https:\/\/wildlifepreservation.ca\/fr\/blog\/a-most-precious-cargo\/\" class=\"more-link\">Read more<span class='more-link-arrow avia-svg-icon avia-font-svg_entypo-fontello' data-av_svg_icon='right-open-big' data-av_iconset='svg_entypo-fontello'><svg version=\"1.1\" xmlns=\"http:\/\/www.w3.org\/2000\/svg\" width=\"15\" height=\"32\" viewbox=\"0 0 15 32\" preserveaspectratio=\"xMidYMid meet\" role=\"graphics-symbol\" aria-hidden=\"true\">\n<path d=\"M0.416 27.84l11.456-11.84-11.456-11.904q-0.832-0.832 0-1.536 0.832-0.832 1.536 0l12.544 12.608q0.768 0.832 0 1.6l-12.544 12.608q-0.704 0.832-1.536 0-0.832-0.704 0-1.536z\"><\/path>\n<\/svg><\/span><\/a><\/div>\n<\/div><span class=\"post-meta-infos\"><time class=\"date-container minor-meta updated\"  itemprop=\"datePublished\" datetime=\"2026-08-27T08:31:18-05:00\" >27 ao\u00fbt 2026<\/time><span class=\"text-sep\">\/<\/span><span class=\"blog-author minor-meta\">par <span class=\"entry-author-link\"  itemprop=\"author\" ><span class=\"author\"><span class=\"fn\"><a href=\"https:\/\/wildlifepreservation.ca\/fr\/blog\/author\/dfarrant\/\" rel=\"author\">Daryn Farrant<\/a><\/span><\/span><\/span><\/span><\/span><footer class=\"entry-footer\"><\/footer><div class='post_delimiter'><\/div><\/div><div class=\"post_author_timeline\"><\/div><span class='hidden'>\n\t\t\t\t<span class='av-structured-data'  itemprop=\"image\" itemscope=\"itemscope\" itemtype=\"https:\/\/schema.org\/ImageObject\" >\n\t\t\t\t\t\t<span itemprop='url'>https:\/\/wildlifepreservation.ca\/wp-content\/uploads\/2026\/08\/Thumbnail_AMostPreciousCargo_DarynJuniperCutting_DarynFarrant.jpg<\/span>\n\t\t\t\t\t\t<span itemprop='height'>400<\/span>\n\t\t\t\t\t\t<span itemprop='width'>400<\/span>\n\t\t\t\t<\/span>\n\t\t\t\t<span class='av-structured-data'  itemprop=\"publisher\" itemtype=\"https:\/\/schema.org\/Organization\" itemscope=\"itemscope\" >\n\t\t\t\t\t\t<span itemprop='name'>Daryn Farrant<\/span>\n\t\t\t\t\t\t<span itemprop='logo' itemscope itemtype='https:\/\/schema.org\/ImageObject'>\n\t\t\t\t\t\t\t<span itemprop='url'>https:\/\/wildlifepreservation.ca\/wp-content\/uploads\/2026\/06\/WPC_Frn-scaled.jpg<\/span>\n\t\t\t\t\t\t<\/span>\n\t\t\t\t<\/span><span class='av-structured-data'  itemprop=\"author\" itemscope=\"itemscope\" itemtype=\"https:\/\/schema.org\/Person\" ><span itemprop='name'>Daryn Farrant<\/span><\/span><span class='av-structured-data'  itemprop=\"datePublished\" datetime=\"2026-08-27T08:31:18-05:00\" >2026-08-27 08:31:18<\/span><span class='av-structured-data'  itemprop=\"dateModified\" itemtype=\"https:\/\/schema.org\/dateModified\" >2026-08-27 08:31:18<\/span><span class='av-structured-data'  itemprop=\"mainEntityOfPage\" itemtype=\"https:\/\/schema.org\/mainEntityOfPage\" ><span itemprop='name'>Une cargaison tr\u00e8s pr\u00e9cieuse<\/span><\/span><\/span><\/article><article class=\"post-entry post-entry-type-standard post-entry-56035 post-loop-3 post-parity-odd post-entry-last single-big with-slider post-56035 post type-post status-publish format-standard has-post-thumbnail hentry category-news-and-events project-reptile-and-amphibian-recovery\"  itemscope=\"itemscope\" itemtype=\"https:\/\/schema.org\/BlogPosting\" ><div class=\"blog-meta\"><\/div><div class='entry-content-wrapper clearfix standard-content'><header class=\"entry-content-header\" aria-label=\"Post: What&#8217;s on the inside\"><div class=\"av-heading-wrapper\"><h2 class='post-title entry-title'  itemprop=\"headline\" ><a href=\"https:\/\/wildlifepreservation.ca\/fr\/blog\/whats-on-the-inside\/\" rel=\"bookmark\" title=\"Permanent Link: What&#8217;s on the inside\">Ce qu'il y a \u00e0 l'int\u00e9rieur<span class=\"post-format-icon minor-meta\"><\/span><\/a><\/h2><span class=\"blog-categories minor-meta\"><a href=\"https:\/\/wildlifepreservation.ca\/fr\/blog\/category\/news-and-events\/\" rel=\"tag\">Actualit\u00e9s et \u00e9v\u00e9nements<\/a> <a href=\"https:\/\/wildlifepreservation.ca\/fr\/blog\/project\/reptile-and-amphibian-recovery\/\" rel=\"tag\">Sauvegarde des reptiles et des amphibiens<\/a><\/span><\/div><\/header><span class=\"av-vertical-delimiter\"><\/span><div class=\"big-preview single-big\"  itemprop=\"image\" itemscope=\"itemscope\" itemtype=\"https:\/\/schema.org\/ImageObject\" ><a href=\"https:\/\/wildlifepreservation.ca\/fr\/blog\/whats-on-the-inside\/\"  title=\"2026 Blog photo reformatting - What&#039;sOnTheInside_SpottedSalamander_JRiley\" ><img decoding=\"async\" loading=\"lazy\" width=\"400\" height=\"400\" src=\"https:\/\/wildlifepreservation.ca\/wp-content\/uploads\/2026\/08\/Thumbnail_WhatsOnTheInside_SpottedSalamander_JRiley.jpg\" class=\"wp-image-56078 avia-img-lazy-loading-56078 attachment-entry_without_sidebar size-entry_without_sidebar wp-post-image\" alt=\"\" srcset=\"https:\/\/wildlifepreservation.ca\/wp-content\/uploads\/2026\/08\/Thumbnail_WhatsOnTheInside_SpottedSalamander_JRiley.jpg 400w, https:\/\/wildlifepreservation.ca\/wp-content\/uploads\/2026\/08\/Thumbnail_WhatsOnTheInside_SpottedSalamander_JRiley-300x300.jpg 300w, https:\/\/wildlifepreservation.ca\/wp-content\/uploads\/2026\/08\/Thumbnail_WhatsOnTheInside_SpottedSalamander_JRiley-80x80.jpg 80w, https:\/\/wildlifepreservation.ca\/wp-content\/uploads\/2026\/08\/Thumbnail_WhatsOnTheInside_SpottedSalamander_JRiley-12x12.jpg 12w, https:\/\/wildlifepreservation.ca\/wp-content\/uploads\/2026\/08\/Thumbnail_WhatsOnTheInside_SpottedSalamander_JRiley-36x36.jpg 36w, https:\/\/wildlifepreservation.ca\/wp-content\/uploads\/2026\/08\/Thumbnail_WhatsOnTheInside_SpottedSalamander_JRiley-180x180.jpg 180w\" sizes=\"auto, (max-width: 400px) 100vw, 400px\" \/><\/a><\/div><div class=\"entry-content\"  itemprop=\"text\" ><div class=\"read-more-link\"><a href=\"https:\/\/wildlifepreservation.ca\/fr\/blog\/whats-on-the-inside\/\" class=\"more-link\">Read more<span class='more-link-arrow avia-svg-icon avia-font-svg_entypo-fontello' data-av_svg_icon='right-open-big' data-av_iconset='svg_entypo-fontello'><svg version=\"1.1\" xmlns=\"http:\/\/www.w3.org\/2000\/svg\" width=\"15\" height=\"32\" viewbox=\"0 0 15 32\" preserveaspectratio=\"xMidYMid meet\" role=\"graphics-symbol\" aria-hidden=\"true\">\n<path d=\"M0.416 27.84l11.456-11.84-11.456-11.904q-0.832-0.832 0-1.536 0.832-0.832 1.536 0l12.544 12.608q0.768 0.832 0 1.6l-12.544 12.608q-0.704 0.832-1.536 0-0.832-0.704 0-1.536z\"><\/path>\n<\/svg><\/span><\/a><\/div>\n<\/div><span class=\"post-meta-infos\"><time class=\"date-container minor-meta updated\"  itemprop=\"datePublished\" datetime=\"2026-08-25T14:09:11-05:00\" >ao\u00fbt 25, 2026<\/time><span class=\"text-sep\">\/<\/span><span class=\"blog-author minor-meta\">par <span class=\"entry-author-link\"  itemprop=\"author\" ><span class=\"author\"><span class=\"fn\"><a href=\"https:\/\/wildlifepreservation.ca\/fr\/blog\/author\/taylor-gilbert\/\" rel=\"author\">Taylor Gilbert<\/a><\/span><\/span><\/span><\/span><\/span><footer class=\"entry-footer\"><\/footer><div class='post_delimiter'><\/div><\/div><div class=\"post_author_timeline\"><\/div><span class='hidden'>\n\t\t\t\t<span class='av-structured-data'  itemprop=\"image\" itemscope=\"itemscope\" itemtype=\"https:\/\/schema.org\/ImageObject\" >\n\t\t\t\t\t\t<span itemprop='url'>https:\/\/wildlifepreservation.ca\/wp-content\/uploads\/2026\/08\/Thumbnail_WhatsOnTheInside_SpottedSalamander_JRiley.jpg<\/span>\n\t\t\t\t\t\t<span itemprop='height'>400<\/span>\n\t\t\t\t\t\t<span itemprop='width'>400<\/span>\n\t\t\t\t<\/span>\n\t\t\t\t<span class='av-structured-data'  itemprop=\"publisher\" itemtype=\"https:\/\/schema.org\/Organization\" itemscope=\"itemscope\" >\n\t\t\t\t\t\t<span itemprop='name'>Taylor Gilbert<\/span>\n\t\t\t\t\t\t<span itemprop='logo' itemscope itemtype='https:\/\/schema.org\/ImageObject'>\n\t\t\t\t\t\t\t<span itemprop='url'>https:\/\/wildlifepreservation.ca\/wp-content\/uploads\/2026\/06\/WPC_Frn-scaled.jpg<\/span>\n\t\t\t\t\t\t<\/span>\n\t\t\t\t<\/span><span class='av-structured-data'  itemprop=\"author\" itemscope=\"itemscope\" itemtype=\"https:\/\/schema.org\/Person\" ><span itemprop='name'>Taylor Gilbert<\/span><\/span><span class='av-structured-data'  itemprop=\"datePublished\" datetime=\"2026-08-25T14:09:11-05:00\" >2026-08-25 14:09:11<\/span><span class='av-structured-data'  itemprop=\"dateModified\" itemtype=\"https:\/\/schema.org\/dateModified\" >2026-08-26 11:57:43<\/span><span class='av-structured-data'  itemprop=\"mainEntityOfPage\" itemtype=\"https:\/\/schema.org\/mainEntityOfPage\" ><span itemprop='name'>Ce qu'il y a \u00e0 l'int\u00e9rieur<\/span><\/span><\/span><\/article><\/div><\/div>\n<style type=\"text\/css\" data-created_by=\"avia_inline_auto\" id=\"style-css-av-msooq7ez-13aaf288081e84dbdaecd117b3126a8c\">\n.avia-section.av-msooq7ez-13aaf288081e84dbdaecd117b3126a8c{\nbackground-repeat:no-repeat;\nbackground-image:url(https:\/\/wildlifepreservation.ca\/wp-content\/uploads\/2021\/08\/SavingAnEndangeredButterfly_MottledDuskywing.png);\nbackground-position:0% 0%;\nbackground-attachment:scroll;\n}\n<\/style>\n<div id='av_section_6'  class='avia-section av-msooq7ez-13aaf288081e84dbdaecd117b3126a8c main_color avia-section-default avia-no-border-styling  avia-builder-el-0  el_before_av_section  avia-builder-el-first  need-your-help-wrapper avia-full-stretch avia-bg-style-scroll container_wrap fullsize'  data-section-bg-repeat='stretch'><div class='container av-section-cont-open' ><main  role=\"main\" itemprop=\"mainContentOfPage\"  class='template-page content  av-content-full alpha units'><div class='post-entry post-entry-type-page post-entry-18018'><div class='entry-content-wrapper clearfix'>\n<div  class='flex_column av-av_one_full-7714eba142aeda1f8b5272a3c372b279 av_one_full first flex_column_div'     ><section  class='av_textblock_section av-av_textblock-7a1af7d8f9790576b1769c0a9f0449ed'   itemscope=\"itemscope\" itemtype=\"https:\/\/schema.org\/BlogPosting\" itemprop=\"blogPost\" ><div class='avia_textblock'  itemprop=\"text\" ><p style=\"text-align: center;\">Nous avons besoin de votre aide<\/p>\n<h1 style=\"text-align: center;\">Faites un don pour sauver les esp\u00e8ces menac\u00e9es<\/h1>\n<\/div><\/section><br \/>\n<div  class='avia-button-wrap av-av_button-a2c0fef7221e6f1d67990b89721c6cd5-wrap avia-button-center  heart-button'>\n<style type=\"text\/css\" data-created_by=\"avia_inline_auto\" id=\"style-css-av-av_button-a2c0fef7221e6f1d67990b89721c6cd5\">\n#top #wrap_all .avia-button.av-av_button-a2c0fef7221e6f1d67990b89721c6cd5:hover{\ncolor:white;\ntransition:all 0.4s ease-in-out;\n}\n#top #wrap_all .avia-button.av-av_button-a2c0fef7221e6f1d67990b89721c6cd5:hover .avia-svg-icon svg:first-child{\nfill:white;\nstroke:white;\n}\n<\/style>\n<a href='https:\/\/wildlifepreservation.ca\/fr\/donate\/'  class='avia-button av-av_button-a2c0fef7221e6f1d67990b89721c6cd5 av-link-btn avia-icon_select-no avia-size-small avia-position-center avia-color-theme-color avia-font-color-theme-color'  target=\"_blank\"  rel=\"noopener noreferrer\"  aria-label=\"Faire un don\"><span class='avia_iconbox_title' >Faire un don<\/span><span class='avia_button_background avia-button avia-color-theme-color-highlight' ><\/span><\/a><\/div><\/p><\/div>\n<\/p>","protected":false},"excerpt":{"rendered":"","protected":false},"author":84,"featured_media":37588,"comment_status":"closed","ping_status":"closed","sticky":false,"template":"","format":"standard","meta":{"inline_featured_image":false,"footnotes":""},"categories":[10],"tags":[],"class_list":["post-18018","post","type-post","status-publish","format-standard","has-post-thumbnail","hentry","category-news-and-events","project-pollinators","specific-species-mottled-duskywing-butterfly"],"yoast_head":"<!-- This site is optimized with the Yoast SEO plugin v28.4 - https:\/\/yoast.com\/product\/yoast-seo-wordpress\/ -->\n<title>Second generation of duskywing butterflies anticipated! - Wildlife Preservation Canada<\/title>\n<meta name=\"description\" content=\"Wildlife Preservation Canada\u2019s mission is to save animal species at risk from extinction in Canada by providing direct, hands-on care.Learn more about\" \/>\n<meta name=\"robots\" content=\"index, follow, max-snippet:-1, max-image-preview:large, max-video-preview:-1\" \/>\n<link rel=\"canonical\" href=\"https:\/\/wildlifepreservation.ca\/fr\/blog\/second-generation-of-duskywing-butterflies-anticipated\/\" \/>\n<meta property=\"og:locale\" content=\"fr_CA\" \/>\n<meta property=\"og:type\" content=\"article\" \/>\n<meta property=\"og:title\" content=\"Second generation of duskywing butterflies anticipated! - Wildlife Preservation Canada\" \/>\n<meta property=\"og:description\" content=\"Wildlife Preservation Canada\u2019s mission is to save animal species at risk from extinction in Canada by providing direct, hands-on care.Learn more about\" \/>\n<meta property=\"og:url\" content=\"https:\/\/wildlifepreservation.ca\/fr\/blog\/second-generation-of-duskywing-butterflies-anticipated\/\" \/>\n<meta property=\"og:site_name\" content=\"Wildlife Preservation Canada\" \/>\n<meta property=\"article:published_time\" content=\"2022-07-28T15:48:06+00:00\" \/>\n<meta property=\"article:modified_time\" content=\"2026-08-11T13:17:20+00:00\" \/>\n<meta property=\"og:image\" content=\"https:\/\/wildlifepreservation.ca\/wp-content\/uploads\/2022\/07\/WPC-Blog-Pic2-featured-image.jpg\" \/>\n\t<meta property=\"og:image:width\" content=\"1920\" \/>\n\t<meta property=\"og:image:height\" content=\"1282\" \/>\n\t<meta property=\"og:image:type\" content=\"image\/jpeg\" \/>\n<meta name=\"author\" content=\"Ethan Quenneville\" \/>\n<meta name=\"twitter:card\" content=\"summary_large_image\" \/>\n<script type=\"application\/ld+json\" class=\"yoast-schema-graph\">{\"@context\":\"https:\\\/\\\/schema.org\",\"@graph\":[{\"@type\":\"Article\",\"@id\":\"https:\\\/\\\/wildlifepreservation.ca\\\/blog\\\/second-generation-of-duskywing-butterflies-anticipated\\\/#article\",\"isPartOf\":{\"@id\":\"https:\\\/\\\/wildlifepreservation.ca\\\/blog\\\/second-generation-of-duskywing-butterflies-anticipated\\\/\"},\"author\":{\"name\":\"Ethan Quenneville\",\"@id\":\"https:\\\/\\\/wildlifepreservation.ca\\\/#\\\/schema\\\/person\\\/58266f648c7315ac0ed3c6514f498e68\"},\"headline\":\"Second generation of duskywing butterflies anticipated!\",\"datePublished\":\"2022-07-28T15:48:06+00:00\",\"dateModified\":\"2026-08-11T13:17:20+00:00\",\"mainEntityOfPage\":{\"@id\":\"https:\\\/\\\/wildlifepreservation.ca\\\/blog\\\/second-generation-of-duskywing-butterflies-anticipated\\\/\"},\"wordCount\":5898,\"image\":{\"@id\":\"https:\\\/\\\/wildlifepreservation.ca\\\/blog\\\/second-generation-of-duskywing-butterflies-anticipated\\\/#primaryimage\"},\"thumbnailUrl\":\"https:\\\/\\\/wildlifepreservation.ca\\\/wp-content\\\/uploads\\\/2022\\\/07\\\/WPC-Blog-Pic2-featured-image.jpg\",\"articleSection\":[\"News and Events\"],\"inLanguage\":\"fr-CA\"},{\"@type\":\"WebPage\",\"@id\":\"https:\\\/\\\/wildlifepreservation.ca\\\/blog\\\/second-generation-of-duskywing-butterflies-anticipated\\\/\",\"url\":\"https:\\\/\\\/wildlifepreservation.ca\\\/blog\\\/second-generation-of-duskywing-butterflies-anticipated\\\/\",\"name\":\"Second generation of duskywing butterflies anticipated! - Wildlife Preservation Canada\",\"isPartOf\":{\"@id\":\"https:\\\/\\\/wildlifepreservation.ca\\\/#website\"},\"primaryImageOfPage\":{\"@id\":\"https:\\\/\\\/wildlifepreservation.ca\\\/blog\\\/second-generation-of-duskywing-butterflies-anticipated\\\/#primaryimage\"},\"image\":{\"@id\":\"https:\\\/\\\/wildlifepreservation.ca\\\/blog\\\/second-generation-of-duskywing-butterflies-anticipated\\\/#primaryimage\"},\"thumbnailUrl\":\"https:\\\/\\\/wildlifepreservation.ca\\\/wp-content\\\/uploads\\\/2022\\\/07\\\/WPC-Blog-Pic2-featured-image.jpg\",\"datePublished\":\"2022-07-28T15:48:06+00:00\",\"dateModified\":\"2026-08-11T13:17:20+00:00\",\"author\":{\"@id\":\"https:\\\/\\\/wildlifepreservation.ca\\\/#\\\/schema\\\/person\\\/58266f648c7315ac0ed3c6514f498e68\"},\"description\":\"Wildlife Preservation Canada\u2019s mission is to save animal species at risk from extinction in Canada by providing direct, hands-on care.Learn more about\",\"breadcrumb\":{\"@id\":\"https:\\\/\\\/wildlifepreservation.ca\\\/blog\\\/second-generation-of-duskywing-butterflies-anticipated\\\/#breadcrumb\"},\"inLanguage\":\"fr-CA\",\"potentialAction\":[{\"@type\":\"ReadAction\",\"target\":[\"https:\\\/\\\/wildlifepreservation.ca\\\/blog\\\/second-generation-of-duskywing-butterflies-anticipated\\\/\"]}]},{\"@type\":\"ImageObject\",\"inLanguage\":\"fr-CA\",\"@id\":\"https:\\\/\\\/wildlifepreservation.ca\\\/blog\\\/second-generation-of-duskywing-butterflies-anticipated\\\/#primaryimage\",\"url\":\"https:\\\/\\\/wildlifepreservation.ca\\\/wp-content\\\/uploads\\\/2022\\\/07\\\/WPC-Blog-Pic2-featured-image.jpg\",\"contentUrl\":\"https:\\\/\\\/wildlifepreservation.ca\\\/wp-content\\\/uploads\\\/2022\\\/07\\\/WPC-Blog-Pic2-featured-image.jpg\",\"width\":1920,\"height\":1282},{\"@type\":\"BreadcrumbList\",\"@id\":\"https:\\\/\\\/wildlifepreservation.ca\\\/blog\\\/second-generation-of-duskywing-butterflies-anticipated\\\/#breadcrumb\",\"itemListElement\":[{\"@type\":\"ListItem\",\"position\":1,\"name\":\"Home\",\"item\":\"https:\\\/\\\/wildlifepreservation.ca\\\/home\\\/\"},{\"@type\":\"ListItem\",\"position\":2,\"name\":\"Second generation of duskywing butterflies anticipated!\"}]},{\"@type\":\"WebSite\",\"@id\":\"https:\\\/\\\/wildlifepreservation.ca\\\/#website\",\"url\":\"https:\\\/\\\/wildlifepreservation.ca\\\/\",\"name\":\"Wildlife Preservation Canada\",\"description\":\"Canada&#039;s last defence for endangered species.\",\"potentialAction\":[{\"@type\":\"SearchAction\",\"target\":{\"@type\":\"EntryPoint\",\"urlTemplate\":\"https:\\\/\\\/wildlifepreservation.ca\\\/?s={search_term_string}\"},\"query-input\":{\"@type\":\"PropertyValueSpecification\",\"valueRequired\":true,\"valueName\":\"search_term_string\"}}],\"inLanguage\":\"fr-CA\"},{\"@type\":\"Person\",\"@id\":\"https:\\\/\\\/wildlifepreservation.ca\\\/#\\\/schema\\\/person\\\/58266f648c7315ac0ed3c6514f498e68\",\"name\":\"Ethan Quenneville\",\"image\":{\"@type\":\"ImageObject\",\"inLanguage\":\"fr-CA\",\"@id\":\"https:\\\/\\\/secure.gravatar.com\\\/avatar\\\/4c531187f2c683c1511e4b29670e1a06b3ebf5cdc8e28b604df0107aa08bb010?s=96&d=mm&r=g\",\"url\":\"https:\\\/\\\/secure.gravatar.com\\\/avatar\\\/4c531187f2c683c1511e4b29670e1a06b3ebf5cdc8e28b604df0107aa08bb010?s=96&d=mm&r=g\",\"contentUrl\":\"https:\\\/\\\/secure.gravatar.com\\\/avatar\\\/4c531187f2c683c1511e4b29670e1a06b3ebf5cdc8e28b604df0107aa08bb010?s=96&d=mm&r=g\",\"caption\":\"Ethan Quenneville\"}}]}<\/script>\n<!-- \/ Yoast SEO plugin. -->","yoast_head_json":{"title":"Second generation of duskywing butterflies anticipated! - Wildlife Preservation Canada","description":"Wildlife Preservation Canada\u2019s mission is to save animal species at risk from extinction in Canada by providing direct, hands-on care.Learn more about","robots":{"index":"index","follow":"follow","max-snippet":"max-snippet:-1","max-image-preview":"max-image-preview:large","max-video-preview":"max-video-preview:-1"},"canonical":"https:\/\/wildlifepreservation.ca\/fr\/blog\/second-generation-of-duskywing-butterflies-anticipated\/","og_locale":"fr_CA","og_type":"article","og_title":"Second generation of duskywing butterflies anticipated! - Wildlife Preservation Canada","og_description":"Wildlife Preservation Canada\u2019s mission is to save animal species at risk from extinction in Canada by providing direct, hands-on care.Learn more about","og_url":"https:\/\/wildlifepreservation.ca\/fr\/blog\/second-generation-of-duskywing-butterflies-anticipated\/","og_site_name":"Wildlife Preservation Canada","article_published_time":"2022-07-28T15:48:06+00:00","article_modified_time":"2026-08-11T13:17:20+00:00","og_image":[{"width":1920,"height":1282,"url":"https:\/\/wildlifepreservation.ca\/wp-content\/uploads\/2022\/07\/WPC-Blog-Pic2-featured-image.jpg","type":"image\/jpeg"}],"author":"Ethan Quenneville","twitter_card":"summary_large_image","schema":{"@context":"https:\/\/schema.org","@graph":[{"@type":"Article","@id":"https:\/\/wildlifepreservation.ca\/blog\/second-generation-of-duskywing-butterflies-anticipated\/#article","isPartOf":{"@id":"https:\/\/wildlifepreservation.ca\/blog\/second-generation-of-duskywing-butterflies-anticipated\/"},"author":{"name":"Ethan Quenneville","@id":"https:\/\/wildlifepreservation.ca\/#\/schema\/person\/58266f648c7315ac0ed3c6514f498e68"},"headline":"Second generation of duskywing butterflies anticipated!","datePublished":"2022-07-28T15:48:06+00:00","dateModified":"2026-08-11T13:17:20+00:00","mainEntityOfPage":{"@id":"https:\/\/wildlifepreservation.ca\/blog\/second-generation-of-duskywing-butterflies-anticipated\/"},"wordCount":5898,"image":{"@id":"https:\/\/wildlifepreservation.ca\/blog\/second-generation-of-duskywing-butterflies-anticipated\/#primaryimage"},"thumbnailUrl":"https:\/\/wildlifepreservation.ca\/wp-content\/uploads\/2022\/07\/WPC-Blog-Pic2-featured-image.jpg","articleSection":["News and Events"],"inLanguage":"fr-CA"},{"@type":"WebPage","@id":"https:\/\/wildlifepreservation.ca\/blog\/second-generation-of-duskywing-butterflies-anticipated\/","url":"https:\/\/wildlifepreservation.ca\/blog\/second-generation-of-duskywing-butterflies-anticipated\/","name":"Second generation of duskywing butterflies anticipated! - Wildlife Preservation Canada","isPartOf":{"@id":"https:\/\/wildlifepreservation.ca\/#website"},"primaryImageOfPage":{"@id":"https:\/\/wildlifepreservation.ca\/blog\/second-generation-of-duskywing-butterflies-anticipated\/#primaryimage"},"image":{"@id":"https:\/\/wildlifepreservation.ca\/blog\/second-generation-of-duskywing-butterflies-anticipated\/#primaryimage"},"thumbnailUrl":"https:\/\/wildlifepreservation.ca\/wp-content\/uploads\/2022\/07\/WPC-Blog-Pic2-featured-image.jpg","datePublished":"2022-07-28T15:48:06+00:00","dateModified":"2026-08-11T13:17:20+00:00","author":{"@id":"https:\/\/wildlifepreservation.ca\/#\/schema\/person\/58266f648c7315ac0ed3c6514f498e68"},"description":"Wildlife Preservation Canada\u2019s mission is to save animal species at risk from extinction in Canada by providing direct, hands-on care.Learn more about","breadcrumb":{"@id":"https:\/\/wildlifepreservation.ca\/blog\/second-generation-of-duskywing-butterflies-anticipated\/#breadcrumb"},"inLanguage":"fr-CA","potentialAction":[{"@type":"ReadAction","target":["https:\/\/wildlifepreservation.ca\/blog\/second-generation-of-duskywing-butterflies-anticipated\/"]}]},{"@type":"ImageObject","inLanguage":"fr-CA","@id":"https:\/\/wildlifepreservation.ca\/blog\/second-generation-of-duskywing-butterflies-anticipated\/#primaryimage","url":"https:\/\/wildlifepreservation.ca\/wp-content\/uploads\/2022\/07\/WPC-Blog-Pic2-featured-image.jpg","contentUrl":"https:\/\/wildlifepreservation.ca\/wp-content\/uploads\/2022\/07\/WPC-Blog-Pic2-featured-image.jpg","width":1920,"height":1282},{"@type":"BreadcrumbList","@id":"https:\/\/wildlifepreservation.ca\/blog\/second-generation-of-duskywing-butterflies-anticipated\/#breadcrumb","itemListElement":[{"@type":"ListItem","position":1,"name":"Home","item":"https:\/\/wildlifepreservation.ca\/home\/"},{"@type":"ListItem","position":2,"name":"Second generation of duskywing butterflies anticipated!"}]},{"@type":"WebSite","@id":"https:\/\/wildlifepreservation.ca\/#website","url":"https:\/\/wildlifepreservation.ca\/","name":"Conservation de la faune au Canada","description":"Canada&#039;s last defence for endangered species.","potentialAction":[{"@type":"SearchAction","target":{"@type":"EntryPoint","urlTemplate":"https:\/\/wildlifepreservation.ca\/?s={search_term_string}"},"query-input":{"@type":"PropertyValueSpecification","valueRequired":true,"valueName":"search_term_string"}}],"inLanguage":"fr-CA"},{"@type":"Person","@id":"https:\/\/wildlifepreservation.ca\/#\/schema\/person\/58266f648c7315ac0ed3c6514f498e68","name":"Ethan Quenneville","image":{"@type":"ImageObject","inLanguage":"fr-CA","@id":"https:\/\/secure.gravatar.com\/avatar\/4c531187f2c683c1511e4b29670e1a06b3ebf5cdc8e28b604df0107aa08bb010?s=96&d=mm&r=g","url":"https:\/\/secure.gravatar.com\/avatar\/4c531187f2c683c1511e4b29670e1a06b3ebf5cdc8e28b604df0107aa08bb010?s=96&d=mm&r=g","contentUrl":"https:\/\/secure.gravatar.com\/avatar\/4c531187f2c683c1511e4b29670e1a06b3ebf5cdc8e28b604df0107aa08bb010?s=96&d=mm&r=g","caption":"Ethan Quenneville"}}]}},"_links":{"self":[{"href":"https:\/\/wildlifepreservation.ca\/fr\/wp-json\/wp\/v2\/posts\/18018","targetHints":{"allow":["GET"]}}],"collection":[{"href":"https:\/\/wildlifepreservation.ca\/fr\/wp-json\/wp\/v2\/posts"}],"about":[{"href":"https:\/\/wildlifepreservation.ca\/fr\/wp-json\/wp\/v2\/types\/post"}],"author":[{"embeddable":true,"href":"https:\/\/wildlifepreservation.ca\/fr\/wp-json\/wp\/v2\/users\/84"}],"replies":[{"embeddable":true,"href":"https:\/\/wildlifepreservation.ca\/fr\/wp-json\/wp\/v2\/comments?post=18018"}],"version-history":[{"count":3,"href":"https:\/\/wildlifepreservation.ca\/fr\/wp-json\/wp\/v2\/posts\/18018\/revisions"}],"predecessor-version":[{"id":55135,"href":"https:\/\/wildlifepreservation.ca\/fr\/wp-json\/wp\/v2\/posts\/18018\/revisions\/55135"}],"wp:featuredmedia":[{"embeddable":true,"href":"https:\/\/wildlifepreservation.ca\/fr\/wp-json\/wp\/v2\/media\/37588"}],"wp:attachment":[{"href":"https:\/\/wildlifepreservation.ca\/fr\/wp-json\/wp\/v2\/media?parent=18018"}],"wp:term":[{"taxonomy":"category","embeddable":true,"href":"https:\/\/wildlifepreservation.ca\/fr\/wp-json\/wp\/v2\/categories?post=18018"},{"taxonomy":"post_tag","embeddable":true,"href":"https:\/\/wildlifepreservation.ca\/fr\/wp-json\/wp\/v2\/tags?post=18018"}],"curies":[{"name":"wp","href":"https:\/\/api.w.org\/{rel}","templated":true}]}}