{"id":3598,"date":"2016-03-17T09:31:03","date_gmt":"2016-03-17T14:31:03","guid":{"rendered":"https:\/\/wildlifepreservation.ca\/?page_id=3598"},"modified":"2016-11-21T13:44:56","modified_gmt":"2016-11-21T18:44:56","slug":"le-damier-de-taylor","status":"publish","type":"post","link":"https:\/\/wildlifepreservation.ca\/fr\/le-damier-de-taylor\/","title":{"rendered":"Le damier de Taylor"},"content":{"rendered":"<p>[et_pb_section admin_label=\u00a0\u00bbsection\u00a0\u00bb][et_pb_row admin_label=\u00a0\u00bbRow\u00a0\u00bb][et_pb_column type=\u00a0\u00bb4_4&Prime;][et_pb_text admin_label=\u00a0\u00bbText\u00a0\u00bb background_layout=\u00a0\u00bblight\u00a0\u00bb text_orientation=\u00a0\u00bbleft\u00a0\u00bb use_border_color=\u00a0\u00bboff\u00a0\u00bb border_color=\u00a0\u00bb#ffffff\u00a0\u00bb border_style=\u00a0\u00bbsolid\u00a0\u00bb]<\/p>\n<p><em>Euphydryas editha taylori<\/em><br \/>\n<strong>Statut de l\u2019esp\u00e8ce :<\/strong> en voie de disparition au Canada<br \/>\n<strong>Mesures requises : <\/strong>initiatives de reproduction, de r\u00e9introduction et d\u2019augmentation de la population \u00e0 des fins de conservation<\/p>\n<p>Au fur et \u00e0 mesure que les prairies indig\u00e8nes disparaissent au profit de l\u2019agriculture et de projets de d\u00e9veloppement, la survie du damier de Taylor tient \u00e0 un fil.<\/p>\n<p><strong>Aper\u00e7u<br \/>\n<\/strong>\u00c9tant sensible aux changements survenant dans son habitat, le damier est consid\u00e9r\u00e9 comme une esp\u00e8ce cl\u00e9, notamment un indicateur environnemental de l\u2019\u00e9tat de sant\u00e9 de tout l\u2019\u00e9cosyst\u00e8me. De l\u2019esp\u00e8ce <em>euphydryas editha<\/em>, le damier de Taylor, dont l\u2019envergure d\u2019ailes est de moins de six centim\u00e8tres, est la sous-esp\u00e8ce \u00e0 la couleur la plus fonc\u00e9e. Les adultes \u00e9mergent en avril et en mai, la p\u00e9riode d\u2019accouplement, et les groupes d\u2019\u0153ufs peuvent contenir jusqu\u2019\u00e0 1\u00a0200 \u0153ufs. Les larves \u00e9mergentes interrompent leur d\u00e9veloppement de la mi-juin au d\u00e9but juillet et hibernent durant l\u2019hiver.<\/p>\n<p><strong>Habitat<br \/>\n<\/strong>Le damier de Taylor n\u00e9cessite un environnement de praires ouvertes ayant peu de v\u00e9g\u00e9tation et des conditions humides qui soutiennent les sources de nourriture dont les larves ont besoin, telles la v\u00e9ronique \u00e0 \u00e9cus, la v\u00e9ronique \u00e0 feuille de serpolet ou le plantain (esp\u00e8ce introduite). L\u2019habitat doit aussi contenir des fleurs sauvages nectarif\u00e8res, comme les fraises sauvages, pour que les adultes puissent se nourrir. Ces conditions sont souvent pr\u00e9sentes dans les \u00e9cosyst\u00e8mes de ch\u00eanaies de Garry (maintenant rares). Par ailleurs, des populations de damiers ont aussi \u00e9t\u00e9 recens\u00e9es dans certaines aires d\u00e9gag\u00e9es par l\u2019activit\u00e9 humaine.<\/p>\n<p><strong>Aire de r\u00e9partition<br \/>\n<\/strong>Le damier de Taylor \u00e9tait jadis une esp\u00e8ce r\u00e9pandue dans les \u00eeles de San Juan, au sud de l\u2019\u00eele de Vancouver, et dans les \u00eeles environnantes de la Colombie-Britannique, ainsi que dans les prairies c\u00f4ti\u00e8res et \u00e0 l\u2019int\u00e9rieur des terres, dans les prairies ouvertes et dans les plaines d\u2019\u00e9pandage graveleux de Puget Sound, dans les \u00e9tats du Washington et de l\u2019Oregon. L\u2019esp\u00e8ce \u00e9tait estim\u00e9e disparue au Canada depuis 2005, mais 15 damiers de Taylor ont \u00e9t\u00e9 observ\u00e9s sur l\u2019\u00eele de Denman, dans les Gulf Islands, en C.-B. Selon une \u00e9tude, il existe seulement 14 sites dans la r\u00e9gion nord-ouest du Pacifique dot\u00e9s de populations de plus de 50 individus.<\/p>\n<p><strong>Menaces<br \/>\n<\/strong>Les prairies indig\u00e8nes, particuli\u00e8rement appr\u00e9ci\u00e9es de ces papillons, sont menac\u00e9es par l\u2019activit\u00e9 agricole, l\u2019\u00e9talement urbain et l\u2019empi\u00e8tement des arbres et des plantes envahissantes. Ant\u00e9rieurement, la r\u00e9gion occidentale du Washington comptait \u00e0 elle seule 100\u00a0000 hectares d\u2019habitat. Aujourd\u2019hui, il n\u2019en reste que quelques hectares. Les pesticides, la suppression des incendies et la s\u00e9cheresse menacent aussi l\u2019esp\u00e8ce.<\/p>\n<p><strong>Actions recommand\u00e9es pour le r\u00e9tablissement de l\u2019esp\u00e8ce<\/strong><br \/>\nLe programme f\u00e9d\u00e9ral de r\u00e9tablissement multi-esp\u00e8ces des ch\u00eanaies de Garry recommande plusieurs mesures de conservation qui favoriseront le r\u00e9tablissement du damier de Taylor, y compris la protection des habitats, le recensement des plantes dont il s\u2019alimente et la mise au point de techniques d\u2019\u00e9tablissement de nouvelles populations.<\/p>\n<p><strong>Ce que nous faisons<br \/>\n<\/strong>Informez-vous de ce que Conservation de la faune au Canada fait pour sauver<a href=\"https:\/\/wildlifepreservation.ca\/fr\/initiative-de-retablissement-des-pollinisateurs-indigenes\/\"> les pollinisateurs indig\u00e8nes<\/a>\u00a0\u2013 dont le damier de Taylor \u2013 et des gestes que vous pouvez poser pour contribuer \u00e0 cet effort.<\/p>\n<p><strong>Pour plus d\u2019information<br \/>\n<\/strong><a href=\"https:\/\/www.sararegistry.gc.ca\/species\/speciesDetails_f.cfm?sid=649\">Registre public des esp\u00e8ces en p\u00e9ril, damier de Taylor<br \/>\n<\/a><a href=\"https:\/\/www.goert.ca\/activities\/taylors-checkerspot\/\">Garry Oak Ecosystem Recovery Team<\/a> (en anglais)<\/p>\n<p>[\/et_pb_text][\/et_pb_column][\/et_pb_row][\/et_pb_section]<\/p>\n","protected":false},"excerpt":{"rendered":"<p>[et_pb_section admin_label=\u00a0\u00bbsection\u00a0\u00bb][et_pb_row admin_label=\u00a0\u00bbRow\u00a0\u00bb][et_pb_column type=\u00a0\u00bb4_4&Prime;][et_pb_text admin_label=\u00a0\u00bbText\u00a0\u00bb background_layout=\u00a0\u00bblight\u00a0\u00bb text_orientation=\u00a0\u00bbleft\u00a0\u00bb use_border_color=\u00a0\u00bboff\u00a0\u00bb border_color=\u00a0\u00bb#ffffff\u00a0\u00bb border_style=\u00a0\u00bbsolid\u00a0\u00bb] Euphydryas editha taylori Statut de l\u2019esp\u00e8ce : en voie de disparition au Canada Mesures requises : initiatives de reproduction, de r\u00e9introduction et d\u2019augmentation de la population \u00e0 des fins de conservation Au fur et \u00e0 mesure que les prairies indig\u00e8nes disparaissent au profit de l\u2019agriculture [&hellip;]<\/p>\n","protected":false},"author":1,"featured_media":4251,"comment_status":"closed","ping_status":"open","sticky":false,"template":"","format":"standard","meta":{"inline_featured_image":false,"footnotes":""},"categories":[70],"tags":[],"class_list":["post-3598","post","type-post","status-publish","format-standard","has-post-thumbnail","hentry","category-insectes"],"yoast_head":"<!-- This site is optimized with the Yoast SEO plugin v26.1.1 - https:\/\/yoast.com\/wordpress\/plugins\/seo\/ -->\n<title>Le damier de Taylor - Conservation de la Faune au Canada<\/title>\n<meta name=\"robots\" content=\"index, follow, max-snippet:-1, max-image-preview:large, max-video-preview:-1\" \/>\n<link rel=\"canonical\" href=\"https:\/\/wildlifepreservation.ca\/fr\/le-damier-de-taylor\/\" \/>\n<meta property=\"og:locale\" content=\"fr_CA\" \/>\n<meta property=\"og:type\" content=\"article\" \/>\n<meta property=\"og:title\" content=\"Le damier de Taylor - Conservation de la Faune au Canada\" \/>\n<meta property=\"og:description\" content=\"[et_pb_section admin_label=\u00a0\u00bbsection\u00a0\u00bb][et_pb_row admin_label=\u00a0\u00bbRow\u00a0\u00bb][et_pb_column type=\u00a0\u00bb4_4&Prime;][et_pb_text admin_label=\u00a0\u00bbText\u00a0\u00bb background_layout=\u00a0\u00bblight\u00a0\u00bb text_orientation=\u00a0\u00bbleft\u00a0\u00bb use_border_color=\u00a0\u00bboff\u00a0\u00bb border_color=\u00a0\u00bb#ffffff\u00a0\u00bb border_style=\u00a0\u00bbsolid\u00a0\u00bb] Euphydryas editha taylori Statut de l\u2019esp\u00e8ce : en voie de disparition au Canada Mesures requises : initiatives de reproduction, de r\u00e9introduction et d\u2019augmentation de la population \u00e0 des fins de conservation Au fur et \u00e0 mesure que les prairies indig\u00e8nes disparaissent au profit de l\u2019agriculture [&hellip;]\" \/>\n<meta property=\"og:url\" content=\"https:\/\/wildlifepreservation.ca\/fr\/le-damier-de-taylor\/\" \/>\n<meta property=\"og:site_name\" content=\"Conservation de la Faune au Canada\" \/>\n<meta property=\"article:published_time\" content=\"2016-03-17T14:31:03+00:00\" \/>\n<meta property=\"article:modified_time\" content=\"2016-11-21T18:44:56+00:00\" \/>\n<meta property=\"og:image\" content=\"https:\/\/wildlifepreservation.ca\/fr\/wp-content\/uploads\/sites\/2\/2013\/06\/Taylors-Checkerspot.jpg\" \/>\n\t<meta property=\"og:image:width\" content=\"600\" \/>\n\t<meta property=\"og:image:height\" content=\"450\" \/>\n\t<meta property=\"og:image:type\" content=\"image\/jpeg\" \/>\n<meta name=\"author\" content=\"wpc_admin\" \/>\n<meta name=\"twitter:card\" content=\"summary_large_image\" \/>\n<meta name=\"twitter:label1\" content=\"\u00c9crit par\" \/>\n\t<meta name=\"twitter:data1\" content=\"wpc_admin\" \/>\n\t<meta name=\"twitter:label2\" content=\"Estimation du temps de lecture\" \/>\n\t<meta name=\"twitter:data2\" content=\"3 minutes\" \/>\n<script type=\"application\/ld+json\" class=\"yoast-schema-graph\">{\"@context\":\"https:\/\/schema.org\",\"@graph\":[{\"@type\":\"WebPage\",\"@id\":\"https:\/\/wildlifepreservation.ca\/fr\/le-damier-de-taylor\/\",\"url\":\"https:\/\/wildlifepreservation.ca\/fr\/le-damier-de-taylor\/\",\"name\":\"Le damier de Taylor - Conservation de la Faune au Canada\",\"isPartOf\":{\"@id\":\"https:\/\/wildlifepreservation.ca\/fr\/#website\"},\"primaryImageOfPage\":{\"@id\":\"https:\/\/wildlifepreservation.ca\/fr\/le-damier-de-taylor\/#primaryimage\"},\"image\":{\"@id\":\"https:\/\/wildlifepreservation.ca\/fr\/le-damier-de-taylor\/#primaryimage\"},\"thumbnailUrl\":\"https:\/\/wildlifepreservation.ca\/fr\/wp-content\/uploads\/sites\/2\/2013\/06\/Taylors-Checkerspot.jpg\",\"datePublished\":\"2016-03-17T14:31:03+00:00\",\"dateModified\":\"2016-11-21T18:44:56+00:00\",\"author\":{\"@id\":\"https:\/\/wildlifepreservation.ca\/fr\/#\/schema\/person\/755f9b141bf613bb4feda29b92b76aaa\"},\"breadcrumb\":{\"@id\":\"https:\/\/wildlifepreservation.ca\/fr\/le-damier-de-taylor\/#breadcrumb\"},\"inLanguage\":\"fr-CA\",\"potentialAction\":[{\"@type\":\"ReadAction\",\"target\":[\"https:\/\/wildlifepreservation.ca\/fr\/le-damier-de-taylor\/\"]}]},{\"@type\":\"ImageObject\",\"inLanguage\":\"fr-CA\",\"@id\":\"https:\/\/wildlifepreservation.ca\/fr\/le-damier-de-taylor\/#primaryimage\",\"url\":\"https:\/\/wildlifepreservation.ca\/fr\/wp-content\/uploads\/sites\/2\/2013\/06\/Taylors-Checkerspot.jpg\",\"contentUrl\":\"https:\/\/wildlifepreservation.ca\/fr\/wp-content\/uploads\/sites\/2\/2013\/06\/Taylors-Checkerspot.jpg\",\"width\":600,\"height\":450},{\"@type\":\"BreadcrumbList\",\"@id\":\"https:\/\/wildlifepreservation.ca\/fr\/le-damier-de-taylor\/#breadcrumb\",\"itemListElement\":[{\"@type\":\"ListItem\",\"position\":1,\"name\":\"Esp\u00e8ces en difficult\u00e9\",\"item\":\"https:\/\/wildlifepreservation.ca\/fr\/especes-en-difficulte\/\"},{\"@type\":\"ListItem\",\"position\":2,\"name\":\"Le damier de Taylor\"}]},{\"@type\":\"WebSite\",\"@id\":\"https:\/\/wildlifepreservation.ca\/fr\/#website\",\"url\":\"https:\/\/wildlifepreservation.ca\/fr\/\",\"name\":\"Conservation de la Faune au Canada\",\"description\":\"Le programme canadien de soins intensifs pour les esp\u00e8ces en p\u00e9ril, depuis 1985\",\"potentialAction\":[{\"@type\":\"SearchAction\",\"target\":{\"@type\":\"EntryPoint\",\"urlTemplate\":\"https:\/\/wildlifepreservation.ca\/fr\/?s={search_term_string}\"},\"query-input\":{\"@type\":\"PropertyValueSpecification\",\"valueRequired\":true,\"valueName\":\"search_term_string\"}}],\"inLanguage\":\"fr-CA\"},{\"@type\":\"Person\",\"@id\":\"https:\/\/wildlifepreservation.ca\/fr\/#\/schema\/person\/755f9b141bf613bb4feda29b92b76aaa\",\"name\":\"wpc_admin\",\"image\":{\"@type\":\"ImageObject\",\"inLanguage\":\"fr-CA\",\"@id\":\"https:\/\/wildlifepreservation.ca\/fr\/#\/schema\/person\/image\/\",\"url\":\"https:\/\/secure.gravatar.com\/avatar\/b4777a211053e32f50bc1e3f17b1ff73afe83b326eedcfbf44f28f9b76931a18?s=96&d=mm&r=g\",\"contentUrl\":\"https:\/\/secure.gravatar.com\/avatar\/b4777a211053e32f50bc1e3f17b1ff73afe83b326eedcfbf44f28f9b76931a18?s=96&d=mm&r=g\",\"caption\":\"wpc_admin\"},\"url\":\"https:\/\/wildlifepreservation.ca\/fr\/author\/wpc_admin\/\"}]}<\/script>\n<!-- \/ Yoast SEO plugin. -->","yoast_head_json":{"title":"Le damier de Taylor - Conservation de la Faune au Canada","robots":{"index":"index","follow":"follow","max-snippet":"max-snippet:-1","max-image-preview":"max-image-preview:large","max-video-preview":"max-video-preview:-1"},"canonical":"https:\/\/wildlifepreservation.ca\/fr\/le-damier-de-taylor\/","og_locale":"fr_CA","og_type":"article","og_title":"Le damier de Taylor - Conservation de la Faune au Canada","og_description":"[et_pb_section admin_label=\u00a0\u00bbsection\u00a0\u00bb][et_pb_row admin_label=\u00a0\u00bbRow\u00a0\u00bb][et_pb_column type=\u00a0\u00bb4_4&Prime;][et_pb_text admin_label=\u00a0\u00bbText\u00a0\u00bb background_layout=\u00a0\u00bblight\u00a0\u00bb text_orientation=\u00a0\u00bbleft\u00a0\u00bb use_border_color=\u00a0\u00bboff\u00a0\u00bb border_color=\u00a0\u00bb#ffffff\u00a0\u00bb border_style=\u00a0\u00bbsolid\u00a0\u00bb] Euphydryas editha taylori Statut de l\u2019esp\u00e8ce : en voie de disparition au Canada Mesures requises : initiatives de reproduction, de r\u00e9introduction et d\u2019augmentation de la population \u00e0 des fins de conservation Au fur et \u00e0 mesure que les prairies indig\u00e8nes disparaissent au profit de l\u2019agriculture [&hellip;]","og_url":"https:\/\/wildlifepreservation.ca\/fr\/le-damier-de-taylor\/","og_site_name":"Conservation de la Faune au Canada","article_published_time":"2016-03-17T14:31:03+00:00","article_modified_time":"2016-11-21T18:44:56+00:00","og_image":[{"width":600,"height":450,"url":"https:\/\/wildlifepreservation.ca\/fr\/wp-content\/uploads\/sites\/2\/2013\/06\/Taylors-Checkerspot.jpg","type":"image\/jpeg"}],"author":"wpc_admin","twitter_card":"summary_large_image","twitter_misc":{"\u00c9crit par":"wpc_admin","Estimation du temps de lecture":"3 minutes"},"schema":{"@context":"https:\/\/schema.org","@graph":[{"@type":"WebPage","@id":"https:\/\/wildlifepreservation.ca\/fr\/le-damier-de-taylor\/","url":"https:\/\/wildlifepreservation.ca\/fr\/le-damier-de-taylor\/","name":"Le damier de Taylor - Conservation de la Faune au Canada","isPartOf":{"@id":"https:\/\/wildlifepreservation.ca\/fr\/#website"},"primaryImageOfPage":{"@id":"https:\/\/wildlifepreservation.ca\/fr\/le-damier-de-taylor\/#primaryimage"},"image":{"@id":"https:\/\/wildlifepreservation.ca\/fr\/le-damier-de-taylor\/#primaryimage"},"thumbnailUrl":"https:\/\/wildlifepreservation.ca\/fr\/wp-content\/uploads\/sites\/2\/2013\/06\/Taylors-Checkerspot.jpg","datePublished":"2016-03-17T14:31:03+00:00","dateModified":"2016-11-21T18:44:56+00:00","author":{"@id":"https:\/\/wildlifepreservation.ca\/fr\/#\/schema\/person\/755f9b141bf613bb4feda29b92b76aaa"},"breadcrumb":{"@id":"https:\/\/wildlifepreservation.ca\/fr\/le-damier-de-taylor\/#breadcrumb"},"inLanguage":"fr-CA","potentialAction":[{"@type":"ReadAction","target":["https:\/\/wildlifepreservation.ca\/fr\/le-damier-de-taylor\/"]}]},{"@type":"ImageObject","inLanguage":"fr-CA","@id":"https:\/\/wildlifepreservation.ca\/fr\/le-damier-de-taylor\/#primaryimage","url":"https:\/\/wildlifepreservation.ca\/fr\/wp-content\/uploads\/sites\/2\/2013\/06\/Taylors-Checkerspot.jpg","contentUrl":"https:\/\/wildlifepreservation.ca\/fr\/wp-content\/uploads\/sites\/2\/2013\/06\/Taylors-Checkerspot.jpg","width":600,"height":450},{"@type":"BreadcrumbList","@id":"https:\/\/wildlifepreservation.ca\/fr\/le-damier-de-taylor\/#breadcrumb","itemListElement":[{"@type":"ListItem","position":1,"name":"Esp\u00e8ces en difficult\u00e9","item":"https:\/\/wildlifepreservation.ca\/fr\/especes-en-difficulte\/"},{"@type":"ListItem","position":2,"name":"Le damier de Taylor"}]},{"@type":"WebSite","@id":"https:\/\/wildlifepreservation.ca\/fr\/#website","url":"https:\/\/wildlifepreservation.ca\/fr\/","name":"Conservation de la Faune au Canada","description":"Le programme canadien de soins intensifs pour les esp\u00e8ces en p\u00e9ril, depuis 1985","potentialAction":[{"@type":"SearchAction","target":{"@type":"EntryPoint","urlTemplate":"https:\/\/wildlifepreservation.ca\/fr\/?s={search_term_string}"},"query-input":{"@type":"PropertyValueSpecification","valueRequired":true,"valueName":"search_term_string"}}],"inLanguage":"fr-CA"},{"@type":"Person","@id":"https:\/\/wildlifepreservation.ca\/fr\/#\/schema\/person\/755f9b141bf613bb4feda29b92b76aaa","name":"wpc_admin","image":{"@type":"ImageObject","inLanguage":"fr-CA","@id":"https:\/\/wildlifepreservation.ca\/fr\/#\/schema\/person\/image\/","url":"https:\/\/secure.gravatar.com\/avatar\/b4777a211053e32f50bc1e3f17b1ff73afe83b326eedcfbf44f28f9b76931a18?s=96&d=mm&r=g","contentUrl":"https:\/\/secure.gravatar.com\/avatar\/b4777a211053e32f50bc1e3f17b1ff73afe83b326eedcfbf44f28f9b76931a18?s=96&d=mm&r=g","caption":"wpc_admin"},"url":"https:\/\/wildlifepreservation.ca\/fr\/author\/wpc_admin\/"}]}},"_links":{"self":[{"href":"https:\/\/wildlifepreservation.ca\/fr\/wp-json\/wp\/v2\/posts\/3598","targetHints":{"allow":["GET"]}}],"collection":[{"href":"https:\/\/wildlifepreservation.ca\/fr\/wp-json\/wp\/v2\/posts"}],"about":[{"href":"https:\/\/wildlifepreservation.ca\/fr\/wp-json\/wp\/v2\/types\/post"}],"author":[{"embeddable":true,"href":"https:\/\/wildlifepreservation.ca\/fr\/wp-json\/wp\/v2\/users\/1"}],"replies":[{"embeddable":true,"href":"https:\/\/wildlifepreservation.ca\/fr\/wp-json\/wp\/v2\/comments?post=3598"}],"version-history":[{"count":0,"href":"https:\/\/wildlifepreservation.ca\/fr\/wp-json\/wp\/v2\/posts\/3598\/revisions"}],"wp:featuredmedia":[{"embeddable":true,"href":"https:\/\/wildlifepreservation.ca\/fr\/wp-json\/wp\/v2\/media\/4251"}],"wp:attachment":[{"href":"https:\/\/wildlifepreservation.ca\/fr\/wp-json\/wp\/v2\/media?parent=3598"}],"wp:term":[{"taxonomy":"category","embeddable":true,"href":"https:\/\/wildlifepreservation.ca\/fr\/wp-json\/wp\/v2\/categories?post=3598"},{"taxonomy":"post_tag","embeddable":true,"href":"https:\/\/wildlifepreservation.ca\/fr\/wp-json\/wp\/v2\/tags?post=3598"}],"curies":[{"name":"wp","href":"https:\/\/api.w.org\/{rel}","templated":true}]}}