{"id":51104,"date":"2025-10-14T09:19:35","date_gmt":"2025-10-14T14:19:35","guid":{"rendered":"https:\/\/wildlifepreservation.ca\/?p=51104"},"modified":"2026-07-22T14:54:27","modified_gmt":"2026-07-22T19:54:27","slug":"frogs-pit-tags","status":"publish","type":"post","link":"https:\/\/wildlifepreservation.ca\/fr\/blog\/frogs-pit-tags\/","title":{"rendered":"Grenouilles et transpondeur passif int\u00e9gr\u00e9\u2026 \u00e7a doit \u00eatre l'automne ! Partie 1"},"content":{"rendered":"<div id='av_section_1'  class='avia-section av-1kxs1ed-452e6459633220fcb2c9f5e0ad3bdd00 main_color avia-section-default avia-no-border-styling  avia-builder-el-0  el_before_av_section  avia-builder-el-first  blog-inner avia-bg-style-scroll container_wrap fullsize'  ><div class='container av-section-cont-open' ><main  role=\"main\" itemprop=\"mainContentOfPage\"  class='template-page content  av-content-full alpha units'><div class='post-entry post-entry-type-page post-entry-51104'><div class='entry-content-wrapper clearfix'>\n\n<style type=\"text\/css\" data-created_by=\"avia_inline_auto\" id=\"style-css-av-lxxaj0sm-8ea2954cfc1a6b9a1cb985b342ca36e9\">\n.avia-image-container.av-lxxaj0sm-8ea2954cfc1a6b9a1cb985b342ca36e9 img.avia_image{\nbox-shadow:none;\n}\n.avia-image-container.av-lxxaj0sm-8ea2954cfc1a6b9a1cb985b342ca36e9 .av-image-caption-overlay-center{\ncolor:#ffffff;\n}\n<\/style>\n<div  class='avia-image-container av-lxxaj0sm-8ea2954cfc1a6b9a1cb985b342ca36e9 av-styling- avia-align-center  avia-builder-el-1  el_before_av_heading  avia-builder-el-first'   itemprop=\"image\" itemscope=\"itemscope\" itemtype=\"https:\/\/schema.org\/ImageObject\" ><div class=\"avia-image-container-inner\"><div class=\"avia-image-overlay-wrap\"><img fetchpriority=\"high\" class='wp-image-51119 avia-img-lazy-loading-not-51119 avia_image' src='https:\/\/wildlifepreservation.ca\/wp-content\/uploads\/2025\/10\/Froglet_JKissel.png' alt='' title='Froglet_JKissel'  height=\"738\" width=\"1019\"  itemprop=\"thumbnailUrl\"  \/><\/div><\/div><\/div>\n\n<style type=\"text\/css\" data-created_by=\"avia_inline_auto\" id=\"style-css-av-ljhc1ffk-beafc5153f550b263310296cebf5f58e\">\n#top .av-special-heading.av-ljhc1ffk-beafc5153f550b263310296cebf5f58e{\npadding-bottom:10px;\n}\nbody .av-special-heading.av-ljhc1ffk-beafc5153f550b263310296cebf5f58e .av-special-heading-tag .heading-char{\nfont-size:25px;\n}\n.av-special-heading.av-ljhc1ffk-beafc5153f550b263310296cebf5f58e .av-subheading{\nfont-size:15px;\n}\n<\/style>\n<div  class='av-special-heading av-ljhc1ffk-beafc5153f550b263310296cebf5f58e av-special-heading-h1 blockquote modern-quote modern-centered  avia-builder-el-2  el_after_av_image  el_before_av_post_metadata'><h1 class='av-special-heading-tag'  itemprop=\"headline\"  >Grenouilles et transpondeur passif int\u00e9gr\u00e9\u2026 \u00e7a doit \u00eatre l'automne ! Partie 1<\/h1><div class=\"special-heading-border\"><div class=\"special-heading-inner-border\"><\/div><\/div><\/div>\n\n<style type=\"text\/css\" data-created_by=\"avia_inline_auto\" id=\"style-css-av-1j2drpx-84f2d6d446c788043fc80f450957d4e7\">\n#top .av-post-metadata-container.av-1j2drpx-84f2d6d446c788043fc80f450957d4e7{\nfont-size:16px;\n}\n#top .av-post-metadata-container.av-1j2drpx-84f2d6d446c788043fc80f450957d4e7 .av-post-metadata-container-inner{\nfont-size:16px;\n}\n<\/style>\n<div  class='av-post-metadata-container av-1j2drpx-84f2d6d446c788043fc80f450957d4e7 av-metadata-container-align-left  avia-builder-el-3  el_after_av_heading  avia-builder-el-last  av-metadata-container-1'><div class='av-post-metadata-container-inner'><span class=\"av-post-metadata-content av-post-metadata-meta-content\"><span class=\"av-post-metadata-content av-post-metadata-published\"><span class=\"av-metadata-before av-metadata-before-published\">Publi\u00e9 le<\/span><span class=\"av-post-metadata-published-date\" >14 octobre 2025<\/span><\/span><span class=\"av-post-metadata-content av-post-metadata-separator\"><\/span><span class=\"av-post-metadata-content av-post-metadata-author\"  itemprop=\"author\" ><span class=\"av-metadata-before av-metadata-before-author\">par<\/span><span class=\"av-post-metadata-author-link\" ><a href=\"https:\/\/wildlifepreservation.ca\/fr\/blog\/author\/jenna-kissel\/\"  rel=\"author\">Jenna Kissel<\/a><\/span><\/span><span class=\"av-post-metadata-content av-post-metadata-separator\"><\/span><span class=\"av-post-metadata-content av-post-metadata-category\"><span class=\"av-metadata-before av-metadata-before-categories\">|<\/span><span class=\"av-post-metadata-category-link\" ><a href=\"https:\/\/wildlifepreservation.ca\/fr\/blog\/project\/fraser-valley-wetlands\/\" >Les zones humides de la vall\u00e9e Fraser<\/a><\/span>, <span class=\"av-post-metadata-category-link\" ><a href=\"https:\/\/wildlifepreservation.ca\/fr\/blog\/category\/news-and-events\/\" >Actualit\u00e9s et \u00e9v\u00e9nements<\/a><\/span>, <span class=\"av-post-metadata-category-link\" ><a href=\"https:\/\/wildlifepreservation.ca\/fr\/species\/oregon-spotted-frog-program\/\" >Grenouille macul\u00e9e de l'Oregon<\/a><\/span><\/span><\/span><span class=\"av-post-metadata-content av-post-metadata-after-meta\">Photo: J. Kissel. <\/span><\/div><\/div>\n<\/div><\/div><\/main><!-- close content main element --><\/div><\/div><div id='av_section_2'  class='avia-section av-4xkhew-718f70ca83963feb8ed878903e11227a main_color avia-section-no-padding avia-no-border-styling  avia-builder-el-4  el_after_av_section  el_before_av_section  blog-inner avia-bg-style-scroll container_wrap fullsize'  ><div class='container av-section-cont-open' ><div class='template-page content  av-content-full alpha units'><div class='post-entry post-entry-type-page post-entry-51104'><div class='entry-content-wrapper clearfix'>\n\n<style type=\"text\/css\" data-created_by=\"avia_inline_auto\" id=\"style-css-av-2qun3ay-8c1dcc1bf907a34974847d93907bf11a\">\n.flex_column.av-2qun3ay-8c1dcc1bf907a34974847d93907bf11a{\npadding:25px 25px 25px 25px;\nbackground-color:#f8fbf4;\n}\n<\/style>\n<div  class='flex_column av-2qun3ay-8c1dcc1bf907a34974847d93907bf11a av_one_full  avia-builder-el-5  avia-builder-el-no-sibling  light-section first flex_column_div'     ><section  class='av_textblock_section av-28vnc7u-31286f84be7f10e4278b3bba5ad62398'   itemscope=\"itemscope\" itemtype=\"https:\/\/schema.org\/BlogPosting\" itemprop=\"blogPost\" ><div class='avia_textblock'  itemprop=\"text\" ><p><strong>Qu'est-ce que le Programme de r\u00e9tablissement de la grenouille macul\u00e9e de l'Oregon ?<\/strong> Depuis 2010, CFC \u00e9l\u00e8ve la grenouille macul\u00e9e de l'Oregon en voie de disparition au zoo du Grand Vancouver, et r\u00e9introduit des milliers de t\u00eatards et de grenouillettes dans les zones humides de la vall\u00e9e du Fraser en C.-B. Il faut des ann\u00e9es d'observation minutieuse, de collaboration, d'ing\u00e9niosit\u00e9 et parfois un peu de chance pour percer le code d'\u00e9levage d'esp\u00e8ces sp\u00e9cifiques. Pendant plusieurs ann\u00e9es, nos progr\u00e8s \u00e9taient tr\u00e8s limit\u00e9s. Mais notre \u00e9quipe a pers\u00e9v\u00e9r\u00e9. Aujourd'hui, CFC a mis au point des techniques d'\u00e9levage qui renversent la tendance pour cette esp\u00e8ce.<\/p>\n<\/div><\/section><\/div>\n<\/p>\n<\/div><\/div><\/div><!-- close content main div --><\/div><\/div><div id='av_section_3'  class='avia-section av-ogiz4l-4ef34b78f65ac1bb9e09f738f3e79047 main_color avia-section-default avia-no-border-styling  avia-builder-el-7  el_after_av_section  el_before_av_section  avia-bg-style-scroll container_wrap fullsize'  ><div class='container av-section-cont-open' ><div class='template-page content  av-content-full alpha units'><div class='post-entry post-entry-type-page post-entry-51104'><div class='entry-content-wrapper clearfix'>\n<div  class='flex_column av-826groa-4582a1c4fc4b9de7fa96718d9745478c av_one_full  avia-builder-el-8  el_before_av_one_full  avia-builder-el-first  first flex_column_div'     ><section  class='av_textblock_section av-mglacz64-b02b9954bf4d8b00c3f1d15153a71312'   itemscope=\"itemscope\" itemtype=\"https:\/\/schema.org\/BlogPosting\" itemprop=\"blogPost\" ><div class='avia_textblock'  itemprop=\"text\" ><p style=\"font-weight: 400;\">La saison estivale bien remplie tire \u00e0 sa fin, et Andrea, biologiste principale de CFC pour les projets de C.-B., et moi nous pr\u00e9parons pour le rythme plus tranquille de l'automne. Avant de pouvoir nous installer dans la routine du nettoyage et de la r\u00e9daction des rapports, il y a <strong>une derni\u00e8re journ\u00e9e de chaos \u2014 la journ\u00e9e de marquage des grenouilles.<\/strong>.<\/p>\n<p>La journ\u00e9e de marquage des grenouilles, nous et une \u00e9quipe de b\u00e9n\u00e9voles, incluant nos partenaires du gouvernement provincial, traitons et <strong>\u00e9tiquettons toutes les grenouillettes macul\u00e9es de l'Oregon qui ont \u00e9clos dans notre programme de conservation cette ann\u00e9e<\/strong>, en pr\u00e9paration au rel\u00e2chement. Nous les rel\u00e2chons \u00e9galement le m\u00eame jour pour minimiser le stress de la manipulation. Au fur et \u00e0 mesure que nous recueillons les grenouillettes, nous d\u00e9montons leurs bacs en vidant l'eau et en retirant leurs \u00eeles flottantes. Cela rend les minuscules grenouilles plus faciles \u00e0 trouver, mais nous devons quand m\u00eame fouiller soigneusement dans la mousse pour nous assurer que nous n'avons oubli\u00e9 personne ! Une fois que nous avons recueilli toutes les grenouillettes, nous pouvons commencer \u00e0 les traiter. Nous prenons des mesures corporelles notamment la longueur du museau au cloaque, la longueur du tibia (la longueur de la patte entre le genou et la cheville) et nous les pesons. Ensuite, chaque grenouillette re\u00e7oit une \u00e9tiquette d'identification.<\/p>\n<\/div><\/section><\/div><div  class='flex_column av-7su501m-0d44f4b1b3359914ed7fa48a6e36aee6 av_one_full  avia-builder-el-10  el_after_av_one_full  el_before_av_hr  first flex_column_div  column-top-margin'     ><style type=\"text\/css\" data-created_by=\"avia_inline_auto\" id=\"style-css-av-73jxiey-e1d7b989a1dde14c552141c91f107a7c\">\n.avia-image-container.av-73jxiey-e1d7b989a1dde14c552141c91f107a7c img.avia_image{\nbox-shadow:none;\n}\n.avia-image-container.av-73jxiey-e1d7b989a1dde14c552141c91f107a7c .av-image-caption-overlay-center{\ncolor:#ffffff;\n}\n<\/style>\n<div  class='avia-image-container av-73jxiey-e1d7b989a1dde14c552141c91f107a7c av-styling- avia-align-center  avia-builder-el-11  avia-builder-el-no-sibling'   itemprop=\"image\" itemscope=\"itemscope\" itemtype=\"https:\/\/schema.org\/ImageObject\" ><div class=\"avia-image-container-inner\"><div class=\"avia-image-overlay-wrap\"><img fetchpriority=\"high\" class='wp-image-51116 avia-img-lazy-loading-not-51116 avia_image' src='https:\/\/wildlifepreservation.ca\/wp-content\/uploads\/2025\/10\/Froglet-processing_JKissel.png' alt='' title='Froglet processing_JKissel'  height=\"738\" width=\"1019\"  itemprop=\"thumbnailUrl\"  \/><\/div><\/div><\/div><\/div>\n<style type=\"text\/css\" data-created_by=\"avia_inline_auto\" id=\"style-css-av-6htfi1m-d460a92a83a1f964af06da746237f2ce\">\n#top .hr.hr-invisible.av-6htfi1m-d460a92a83a1f964af06da746237f2ce{\nheight:15px;\n}\n<\/style>\n<div  class='hr av-6htfi1m-d460a92a83a1f964af06da746237f2ce hr-invisible  avia-builder-el-12  el_after_av_one_full  el_before_av_textblock'><span class='hr-inner'><span class=\"hr-inner-style\"><\/span><\/span><\/div>\n<section  class='av_textblock_section av-6d7hzqy-b9a149fe4bfba2fd09cec2a548d37cf8'   itemscope=\"itemscope\" itemtype=\"https:\/\/schema.org\/BlogPosting\" itemprop=\"blogPost\" ><div class='avia_textblock'  itemprop=\"text\" ><p><i><span style=\"font-weight: 400;\">Grenouillette macul\u00e9e de l'Oregon en cours de traitement. Photo : J. Kissel.\u00a0<\/span><\/i><\/p>\n<\/div><\/section>\n<div  class='flex_column av-5ncgby2-2b3645f5b74e0377d33902934dd554e1 av_one_full  avia-builder-el-14  el_after_av_textblock  el_before_av_one_full  first flex_column_div  column-top-margin'     ><section  class='av_textblock_section av-mglacqrc-ca70a95c28a5e716874e9241d13a3a64'   itemscope=\"itemscope\" itemtype=\"https:\/\/schema.org\/BlogPosting\" itemprop=\"blogPost\" ><div class='avia_textblock'  itemprop=\"text\" ><p style=\"font-weight: 400;\">Si la grenouillette p\u00e8se plus de 8 grammes, elle re\u00e7oit un transpondeur passif int\u00e9gr\u00e9. Les transpondeur passif int\u00e9gr\u00e9 sont tr\u00e8s similaires \u00e0 la micropuce que votre chien pourrait recevoir chez le v\u00e9t\u00e9rinaire. Nous pouvons utiliser un lecteur de transpondeur passif int\u00e9gr\u00e9 (illustr\u00e9 ci-dessous) pour <strong>scanner toutes les grenouilles que nous pourrions recapturer \u00e0 l'avenir et savoir exactement qui elles sont.<\/strong> Si la grenouillette p\u00e8se moins de 8 grammes, elle re\u00e7oit une \u00e9tiquette VIE (Visible Implant Elastomer), qui est un liquide de couleur vive qui est inject\u00e9 entre les orteils de la grenouillette. Ce liquide se solidifie une fois inject\u00e9 mais reste flexible et visible \u00e0 travers la peau. Les \u00e9tiquettes VIE n'identifient pas les individus, mais elles <strong>peuvent nous indiquer que la grenouillette provient de notre programme d'\u00e9levage de conservation.<\/strong><\/p>\n<\/div><\/section><\/div><div  class='flex_column av-53yhvh6-b8ded314defe3f1ca687908d0bb6373d av_one_full  avia-builder-el-16  el_after_av_one_full  el_before_av_hr  first flex_column_div  column-top-margin'     ><style type=\"text\/css\" data-created_by=\"avia_inline_auto\" id=\"style-css-av-hhipbu-710887dc3156536d106bdcca7f0528b1\">\n.avia-image-container.av-hhipbu-710887dc3156536d106bdcca7f0528b1 img.avia_image{\nbox-shadow:none;\n}\n.avia-image-container.av-hhipbu-710887dc3156536d106bdcca7f0528b1 .av-image-caption-overlay-center{\ncolor:#ffffff;\n}\n<\/style>\n<div  class='avia-image-container av-hhipbu-710887dc3156536d106bdcca7f0528b1 av-styling- avia-align-center  avia-builder-el-17  avia-builder-el-no-sibling'   itemprop=\"image\" itemscope=\"itemscope\" itemtype=\"https:\/\/schema.org\/ImageObject\" ><div class=\"avia-image-container-inner\"><div class=\"avia-image-overlay-wrap\"><img fetchpriority=\"high\" class='wp-image-51117 avia-img-lazy-loading-not-51117 avia_image' src='https:\/\/wildlifepreservation.ca\/wp-content\/uploads\/2025\/10\/Frog-in-PIT-Reader_JKissel.png' alt='' title='Frog in PIT Reader_JKissel'  height=\"738\" width=\"1019\"  itemprop=\"thumbnailUrl\"  \/><\/div><\/div><\/div><\/div>\n<style type=\"text\/css\" data-created_by=\"avia_inline_auto\" id=\"style-css-av-47xbdve-140b7902d64ad69953f3431aaf5b10c6\">\n#top .hr.hr-invisible.av-47xbdve-140b7902d64ad69953f3431aaf5b10c6{\nheight:15px;\n}\n<\/style>\n<div  class='hr av-47xbdve-140b7902d64ad69953f3431aaf5b10c6 hr-invisible  avia-builder-el-18  el_after_av_one_full  el_before_av_textblock'><span class='hr-inner'><span class=\"hr-inner-style\"><\/span><\/span><\/div>\n<section  class='av_textblock_section av-dixdy2-29a53c2128d75c464d73e2ab898579ab'   itemscope=\"itemscope\" itemtype=\"https:\/\/schema.org\/BlogPosting\" itemprop=\"blogPost\" ><div class='avia_textblock'  itemprop=\"text\" ><p><i>Les lecteurs de transpondeurs PIT sont utilis\u00e9s pour scanner les grenouilles recaptur\u00e9es et les identifier par leur num\u00e9ro d'\u00e9tiquette. Photo : J. Kissel.\u00a0<\/i><\/p>\n<\/div><\/section>\n<div  class='flex_column av-3i5s6je-c385f650bfa948c10e5df7410cdf2099 av_one_full  avia-builder-el-20  el_after_av_textblock  el_before_av_one_full  first flex_column_div  column-top-margin'     ><section  class='av_textblock_section av-mglaeegv-a5dc506a44e9cc757287cdefd7f41162'   itemscope=\"itemscope\" itemtype=\"https:\/\/schema.org\/BlogPosting\" itemprop=\"blogPost\" ><div class='avia_textblock'  itemprop=\"text\" ><p style=\"font-weight: 400;\">En raison d'une f\u00e9condation moins r\u00e9ussie des \u0153ufs cette ann\u00e9e (possiblement due \u00e0 quelques grenouilles m\u00e2les qui ont pass\u00e9 clandestinement l'hiver dernier dans le bac des femelles, et parce qu'il y a de plus jeunes femelles dans le programme d'\u00e9levage), nous avions un nombre moins \u00e9lev\u00e9 de descendants \u00e0 rel\u00e2cher, avec environ 100 grenouillettes rejoignant les 3 500 t\u00eatards qui ont \u00e9t\u00e9 rel\u00e2ch\u00e9s plus t\u00f4t ce printemps.<\/p>\n<\/div><\/section><\/div><div  class='flex_column av-1wpklb4-be3df23045152a983be0301a3592a6e6 av_one_full  avia-builder-el-22  el_after_av_one_full  el_before_av_hr  first flex_column_div  column-top-margin'     ><style type=\"text\/css\" data-created_by=\"avia_inline_auto\" id=\"style-css-av-mgqt1dwq-a10c4ed1673cbd0a906022706721489b\">\n.avia-image-container.av-mgqt1dwq-a10c4ed1673cbd0a906022706721489b img.avia_image{\nbox-shadow:none;\n}\n.avia-image-container.av-mgqt1dwq-a10c4ed1673cbd0a906022706721489b .av-image-caption-overlay-center{\ncolor:#ffffff;\n}\n<\/style>\n<div  class='avia-image-container av-mgqt1dwq-a10c4ed1673cbd0a906022706721489b av-styling- avia-align-center  avia-builder-el-23  avia-builder-el-no-sibling'   itemprop=\"image\" itemscope=\"itemscope\" itemtype=\"https:\/\/schema.org\/ImageObject\" ><div class=\"avia-image-container-inner\"><div class=\"avia-image-overlay-wrap\"><img fetchpriority=\"high\" class='wp-image-51113 avia-img-lazy-loading-not-51113 avia_image' src='https:\/\/wildlifepreservation.ca\/wp-content\/uploads\/2025\/10\/FrogTagging_frogsinbucket_JKissel.png' alt='' title='FrogTagging_frogsinbucket_JKissel'  height=\"738\" width=\"1019\"  itemprop=\"thumbnailUrl\"  \/><\/div><\/div><\/div><\/div>\n<style type=\"text\/css\" data-created_by=\"avia_inline_auto\" id=\"style-css-av-1tb5vc0-50d1ae379766d5f8fd6fe8e6d70df7ba\">\n#top .hr.hr-invisible.av-1tb5vc0-50d1ae379766d5f8fd6fe8e6d70df7ba{\nheight:15px;\n}\n<\/style>\n<div  class='hr av-1tb5vc0-50d1ae379766d5f8fd6fe8e6d70df7ba hr-invisible  avia-builder-el-24  el_after_av_one_full  el_before_av_textblock'><span class='hr-inner'><span class=\"hr-inner-style\"><\/span><\/span><\/div>\n<section  class='av_textblock_section av-mgqovas9-4926e6d1702d5145ec38b61f5eae75ea'   itemscope=\"itemscope\" itemtype=\"https:\/\/schema.org\/BlogPosting\" itemprop=\"blogPost\" ><div class='avia_textblock'  itemprop=\"text\" ><p style=\"font-weight: 400;\"><em>Grenouillettes macul\u00e9es de l'Oregon sur le point d'\u00eatre transf\u00e9r\u00e9es au site de rel\u00e2chement.<\/em><i>\u00a0Photo: J. Kissel.\u00a0<\/i><\/p>\n<\/div><\/section>\n<div  class='flex_column av-14p6q0w-ee8f797b4260c2c72a495d841f39e4a2 av_one_full  avia-builder-el-26  el_after_av_textblock  el_before_av_one_full  first flex_column_div  column-top-margin'     ><section  class='av_textblock_section av-vwzen4-fa8838570e04b9f01a372b2feb1b18ad'   itemscope=\"itemscope\" itemtype=\"https:\/\/schema.org\/BlogPosting\" itemprop=\"blogPost\" ><div class='avia_textblock'  itemprop=\"text\" ><p>Les t\u00eatards et grenouillettes de grenouilles macul\u00e9es de l'Oregon n\u00e9s dans notre programme d'\u00e9levage \u00e0 notre laboratoire de conservation situ\u00e9 au zoo du Grand Vancouver sont rel\u00e2ch\u00e9s dans des sites de restauration pr\u00e8s d'Agassiz, o\u00f9 les quelques populations sauvages de grenouilles macul\u00e9es de l'Oregon subsistent. Historiquement, ces grenouilles se trouvaient dans les basses terres du fleuve Fraser, mais avec la perte significative d'habitat due au d\u00e9veloppement urbain, \u00e0 la conversion des terres agricoles et \u00e0 d'autres changements d'utilisation des terres, les populations restantes sont devenues isol\u00e9es et confin\u00e9es \u00e0 un habitat moins qu'id\u00e9al. D'autres menaces auxquelles elles font face incluent la concurrence des esp\u00e8ces envahissantes comme les grenouilles-taureaux, les maladies et les facteurs de stress environnementaux comme les changements de temp\u00e9rature de l'eau et les polluants.<\/p>\n<p><strong>Nos objectifs \u00e0 long terme chez CFC sont d'emp\u00eacher la disparition de la grenouille macul\u00e9e de l'Oregon<\/strong> en continuant \u00e0 soutenir les populations sauvages par l'\u00e9levage de conservation et le rel\u00e2chement, la surveillance des populations et la recherche. Le rel\u00e2chement de t\u00eatards et de grenouillettes \u00e9lev\u00e9s en conservation aide \u00e0 compl\u00e9ter les populations sauvages, et en fin de compte, nous esp\u00e9rons \u00e9tablir de nouvelles populations sauvages pour soutenir davantage le r\u00e9tablissement de la grenouille macul\u00e9e de l'Oregon.<\/p>\n<\/div><\/section><\/div><div  class='flex_column av-2ogb5qt-874e1d4b341110848aa99a2785db7d9b av_one_full  avia-builder-el-28  el_after_av_one_full  avia-builder-el-last  author-section first flex_column_div  column-top-margin'     ><section  class='av_textblock_section av-lzbju6k5-627c37c71928d75c88fb78a3438cd1d5'   itemscope=\"itemscope\" itemtype=\"https:\/\/schema.org\/BlogPosting\" itemprop=\"blogPost\" ><div class='avia_textblock'  itemprop=\"text\" ><h3><img loading=\"lazy\" decoding=\"async\" class=\"wp-image-50017 alignleft\" src=\"https:\/\/wildlifepreservation.ca\/wp-content\/uploads\/2025\/06\/JennaKissel.jpg\" alt=\"\" width=\"287\" height=\"287\" srcset=\"https:\/\/wildlifepreservation.ca\/wp-content\/uploads\/2025\/06\/JennaKissel.jpg 931w, https:\/\/wildlifepreservation.ca\/wp-content\/uploads\/2025\/06\/JennaKissel-300x300.jpg 300w, https:\/\/wildlifepreservation.ca\/wp-content\/uploads\/2025\/06\/JennaKissel-80x80.jpg 80w, https:\/\/wildlifepreservation.ca\/wp-content\/uploads\/2025\/06\/JennaKissel-768x768.jpg 768w, https:\/\/wildlifepreservation.ca\/wp-content\/uploads\/2025\/06\/JennaKissel-12x12.jpg 12w, https:\/\/wildlifepreservation.ca\/wp-content\/uploads\/2025\/06\/JennaKissel-36x36.jpg 36w, https:\/\/wildlifepreservation.ca\/wp-content\/uploads\/2025\/06\/JennaKissel-180x180.jpg 180w, https:\/\/wildlifepreservation.ca\/wp-content\/uploads\/2025\/06\/JennaKissel-705x705.jpg 705w\" sizes=\"auto, (max-width: 287px) 100vw, 287px\" \/><\/h3>\n<h3>Jenna Kissel<\/h3>\n<h5 style=\"text-align: left;\">Assistante aux programmes de conservation \u2014 Projets en Colombie-Britannique<\/h5>\n<p>Jenna s'est jointe \u00e0 CFC en tant qu'assistante aux programmes de conservation, soutenant les programmes de tortue peinte de l'Ouest, de grenouille macul\u00e9e de l'Oregon et de papillon damier de Taylor. Elle a obtenu son dipl\u00f4me de l'Universit\u00e9 de Guelph avec un B.Sc. en biologie faunique et conservation et poss\u00e8de une exp\u00e9rience en \u00e9levage et propagation d'oiseaux. Elle a pass\u00e9 plusieurs ann\u00e9es dans la conservation de la chouette tachet\u00e9e et a h\u00e2te de continuer son travail dans le r\u00e9tablissement des esp\u00e8ces en danger en tant que membre de l'\u00e9quipe des projets de la Colombie-Britannique.<\/p>\n<\/div><\/section><\/div>\n\n<\/div><\/div><\/div><!-- close content main div --><\/div><\/div><div id='blog-inner'  class='avia-section av-3vsfanp-b6a8c3632fca682c33aec86c48715d4e main_color avia-section-default avia-no-border-styling  avia-builder-el-30  el_after_av_section  el_before_av_section  blog-section avia-bg-style-scroll container_wrap fullsize'  ><div class='container av-section-cont-open' ><div class='template-page content  av-content-full alpha units'><div class='post-entry post-entry-type-page post-entry-51104'><div class='entry-content-wrapper clearfix'>\n<div  id=\"recent-articles-project\"  class='flex_column av-3cnxmph-d8321c37fba99c848ccde18793d4bebd av_one_full  avia-builder-el-31  el_before_av_one_full  avia-builder-el-first  more-articles-section first flex_column_div'     ><section  class='av_textblock_section av-ardi39-b34e2162ba7fc16918c0f0964110535b'   itemscope=\"itemscope\" itemtype=\"https:\/\/schema.org\/BlogPosting\" itemprop=\"blogPost\" ><div class='avia_textblock'  itemprop=\"text\" ><h2>Articles r\u00e9cents sur le projet<\/h2>\n<\/div><\/section><\/div>\n<style type=\"text\/css\" data-created_by=\"avia_inline_auto\" id=\"style-css-av-2fwusad-1e09fdd4b02eb80f7830f60d8c95c06f\">\n#top .flex_column.av-2fwusad-1e09fdd4b02eb80f7830f60d8c95c06f{\nmargin-top:20px;\nmargin-bottom:15px;\n}\n.responsive #top #wrap_all .flex_column.av-2fwusad-1e09fdd4b02eb80f7830f60d8c95c06f{\nmargin-top:20px;\nmargin-bottom:15px;\n}\n<\/style>\n<div  class='flex_column av-2fwusad-1e09fdd4b02eb80f7830f60d8c95c06f av_one_full  avia-builder-el-33  el_after_av_one_full  avia-builder-el-last  first flex_column_div  column-top-margin'     ><div  class='av-alb-blogposts template-blog  blog-home'  itemscope=\"itemscope\" itemtype=\"https:\/\/schema.org\/Blog\" ><article class=\"post-entry post-entry-type-standard post-entry-53001 post-loop-1 post-parity-odd single-big with-slider post-53001 post type-post status-publish format-standard has-post-thumbnail hentry category-news-and-events category-oregon_spotted_frog project-fraser-valley-wetlands specific-species-oregon-spotted-frog-program\"  itemscope=\"itemscope\" itemtype=\"https:\/\/schema.org\/BlogPosting\" ><div class=\"blog-meta\"><\/div><div class='entry-content-wrapper clearfix standard-content'><header class=\"entry-content-header\" aria-label=\"Post: On to freedom\"><div class=\"av-heading-wrapper\"><h2 class='post-title entry-title'  itemprop=\"headline\" ><a href=\"https:\/\/wildlifepreservation.ca\/fr\/blog\/on-to-freedom\/\" rel=\"bookmark\" title=\"Permanent Link: On to freedom\">En route vers la libert\u00e9<span class=\"post-format-icon minor-meta\"><\/span><\/a><\/h2><span class=\"blog-categories minor-meta\"><a href=\"https:\/\/wildlifepreservation.ca\/fr\/blog\/category\/news-and-events\/\" rel=\"tag\">Actualit\u00e9s et \u00e9v\u00e9nements<\/a>, <a href=\"https:\/\/wildlifepreservation.ca\/fr\/blog\/category\/oregon_spotted_frog\/\" rel=\"tag\">Grenouille macul\u00e9e de l'Oregon<\/a> <a href=\"https:\/\/wildlifepreservation.ca\/fr\/blog\/project\/fraser-valley-wetlands\/\" rel=\"tag\">Les zones humides de la vall\u00e9e Fraser<\/a> <a href=\"https:\/\/wildlifepreservation.ca\/fr\/species\/oregon-spotted-frog-program\/\" rel=\"tag\">Grenouille macul\u00e9e de l'Oregon<\/a><\/span><\/div><\/header><span class=\"av-vertical-delimiter\"><\/span><div class=\"big-preview single-big\"  itemprop=\"image\" itemscope=\"itemscope\" itemtype=\"https:\/\/schema.org\/ImageObject\" ><a href=\"https:\/\/wildlifepreservation.ca\/fr\/blog\/on-to-freedom\/\"  title=\"Blog photo reformatage - OnToFreedom_BriarObtenirDesT\u00eatardsPourRel\u00e2chement_AlyssadeWit\" ><img decoding=\"async\" loading=\"lazy\" width=\"400\" height=\"400\" src=\"https:\/\/wildlifepreservation.ca\/wp-content\/uploads\/2026\/05\/OnToFreedom_BriarGettingTadpolesForRelease_AlyssadeWit_Thumbnail.jpg\" class=\"wp-image-53014 avia-img-lazy-loading-53014 attachment-entry_without_sidebar size-entry_without_sidebar wp-post-image\" alt=\"\" srcset=\"https:\/\/wildlifepreservation.ca\/wp-content\/uploads\/2026\/05\/OnToFreedom_BriarGettingTadpolesForRelease_AlyssadeWit_Thumbnail.jpg 400w, https:\/\/wildlifepreservation.ca\/wp-content\/uploads\/2026\/05\/OnToFreedom_BriarGettingTadpolesForRelease_AlyssadeWit_Thumbnail-300x300.jpg 300w, https:\/\/wildlifepreservation.ca\/wp-content\/uploads\/2026\/05\/OnToFreedom_BriarGettingTadpolesForRelease_AlyssadeWit_Thumbnail-80x80.jpg 80w, https:\/\/wildlifepreservation.ca\/wp-content\/uploads\/2026\/05\/OnToFreedom_BriarGettingTadpolesForRelease_AlyssadeWit_Thumbnail-12x12.jpg 12w, https:\/\/wildlifepreservation.ca\/wp-content\/uploads\/2026\/05\/OnToFreedom_BriarGettingTadpolesForRelease_AlyssadeWit_Thumbnail-36x36.jpg 36w, https:\/\/wildlifepreservation.ca\/wp-content\/uploads\/2026\/05\/OnToFreedom_BriarGettingTadpolesForRelease_AlyssadeWit_Thumbnail-180x180.jpg 180w\" sizes=\"auto, (max-width: 400px) 100vw, 400px\" \/><\/a><\/div><div class=\"entry-content\"  itemprop=\"text\" ><div class=\"read-more-link\"><a href=\"https:\/\/wildlifepreservation.ca\/fr\/blog\/on-to-freedom\/\" class=\"more-link\">Read more<span class='more-link-arrow avia-svg-icon avia-font-svg_entypo-fontello' data-av_svg_icon='right-open-big' data-av_iconset='svg_entypo-fontello'><svg version=\"1.1\" xmlns=\"http:\/\/www.w3.org\/2000\/svg\" width=\"15\" height=\"32\" viewbox=\"0 0 15 32\" preserveaspectratio=\"xMidYMid meet\" role=\"graphics-symbol\" aria-hidden=\"true\">\n<path d=\"M0.416 27.84l11.456-11.84-11.456-11.904q-0.832-0.832 0-1.536 0.832-0.832 1.536 0l12.544 12.608q0.768 0.832 0 1.6l-12.544 12.608q-0.704 0.832-1.536 0-0.832-0.704 0-1.536z\"><\/path>\n<\/svg><\/span><\/a><\/div>\n<\/div><span class=\"post-meta-infos\"><time class=\"date-container minor-meta updated\"  itemprop=\"datePublished\" datetime=\"2026-05-13T13:12:16-05:00\" >13 mai 2026<\/time><span class=\"text-sep\">\/<\/span><span class=\"blog-author minor-meta\">par <span class=\"entry-author-link\"  itemprop=\"author\" ><span class=\"author\"><span class=\"fn\"><a href=\"https:\/\/wildlifepreservation.ca\/fr\/blog\/author\/alyssa-de-wit\/\" rel=\"author\">Alyssa de Wit<\/a><\/span><\/span><\/span><\/span><\/span><footer class=\"entry-footer\"><\/footer><div class='post_delimiter'><\/div><\/div><div class=\"post_author_timeline\"><\/div><span class='hidden'>\n\t\t\t\t<span class='av-structured-data'  itemprop=\"image\" itemscope=\"itemscope\" itemtype=\"https:\/\/schema.org\/ImageObject\" >\n\t\t\t\t\t\t<span itemprop='url'>https:\/\/wildlifepreservation.ca\/wp-content\/uploads\/2026\/05\/OnToFreedom_BriarGettingTadpolesForRelease_AlyssadeWit_Thumbnail.jpg<\/span>\n\t\t\t\t\t\t<span itemprop='height'>400<\/span>\n\t\t\t\t\t\t<span itemprop='width'>400<\/span>\n\t\t\t\t<\/span>\n\t\t\t\t<span class='av-structured-data'  itemprop=\"publisher\" itemtype=\"https:\/\/schema.org\/Organization\" itemscope=\"itemscope\" >\n\t\t\t\t\t\t<span itemprop='name'>Alyssa de Wit<\/span>\n\t\t\t\t\t\t<span itemprop='logo' itemscope itemtype='https:\/\/schema.org\/ImageObject'>\n\t\t\t\t\t\t\t<span itemprop='url'>https:\/\/wildlifepreservation.ca\/wp-content\/uploads\/2026\/06\/WPC_Frn-scaled.jpg<\/span>\n\t\t\t\t\t\t<\/span>\n\t\t\t\t<\/span><span class='av-structured-data'  itemprop=\"author\" itemscope=\"itemscope\" itemtype=\"https:\/\/schema.org\/Person\" ><span itemprop='name'>Alyssa de Wit<\/span><\/span><span class='av-structured-data'  itemprop=\"datePublished\" datetime=\"2026-05-13T13:12:16-05:00\" >2026-05-13 13:12:16<\/span><span class='av-structured-data'  itemprop=\"dateModified\" itemtype=\"https:\/\/schema.org\/dateModified\" >2026-05-13 13:12:42<\/span><span class='av-structured-data'  itemprop=\"mainEntityOfPage\" itemtype=\"https:\/\/schema.org\/mainEntityOfPage\" ><span itemprop='name'>En route vers la libert\u00e9<\/span><\/span><\/span><\/article><article class=\"post-entry post-entry-type-standard post-entry-52701 post-loop-2 post-parity-even single-big with-slider post-52701 post type-post status-publish format-standard has-post-thumbnail hentry category-news-and-events category-oregon_spotted_frog project-fraser-valley-wetlands specific-species-oregon-spotted-frog-program\"  itemscope=\"itemscope\" itemtype=\"https:\/\/schema.org\/BlogPosting\" ><div class=\"blog-meta\"><\/div><div class='entry-content-wrapper clearfix standard-content'><header class=\"entry-content-header\" aria-label=\"Post: Froggie investigation\"><div class=\"av-heading-wrapper\"><h2 class='post-title entry-title'  itemprop=\"headline\" ><a href=\"https:\/\/wildlifepreservation.ca\/fr\/blog\/frog-detective-on-the-case\/\" rel=\"bookmark\" title=\"Permanent Link: Froggie investigation\">Enqu\u00eate sur les grenouilles<span class=\"post-format-icon minor-meta\"><\/span><\/a><\/h2><span class=\"blog-categories minor-meta\"><a href=\"https:\/\/wildlifepreservation.ca\/fr\/blog\/category\/news-and-events\/\" rel=\"tag\">Actualit\u00e9s et \u00e9v\u00e9nements<\/a>, <a href=\"https:\/\/wildlifepreservation.ca\/fr\/blog\/category\/oregon_spotted_frog\/\" rel=\"tag\">Grenouille macul\u00e9e de l'Oregon<\/a> <a href=\"https:\/\/wildlifepreservation.ca\/fr\/blog\/project\/fraser-valley-wetlands\/\" rel=\"tag\">Les zones humides de la vall\u00e9e Fraser<\/a> <a href=\"https:\/\/wildlifepreservation.ca\/fr\/species\/oregon-spotted-frog-program\/\" rel=\"tag\">Grenouille macul\u00e9e de l'Oregon<\/a><\/span><\/div><\/header><span class=\"av-vertical-delimiter\"><\/span><div class=\"big-preview single-big\"  itemprop=\"image\" itemscope=\"itemscope\" itemtype=\"https:\/\/schema.org\/ImageObject\" ><a href=\"https:\/\/wildlifepreservation.ca\/fr\/blog\/frog-detective-on-the-case\/\"  title=\"2026JoelleKrol_Miniature\" ><img decoding=\"async\" loading=\"lazy\" width=\"400\" height=\"400\" src=\"https:\/\/wildlifepreservation.ca\/wp-content\/uploads\/2026\/04\/2026JoelleKrol_Thumbnail.jpg\" class=\"wp-image-52712 avia-img-lazy-loading-52712 attachment-entry_without_sidebar size-entry_without_sidebar wp-post-image\" alt=\"\" srcset=\"https:\/\/wildlifepreservation.ca\/wp-content\/uploads\/2026\/04\/2026JoelleKrol_Thumbnail.jpg 400w, https:\/\/wildlifepreservation.ca\/wp-content\/uploads\/2026\/04\/2026JoelleKrol_Thumbnail-300x300.jpg 300w, https:\/\/wildlifepreservation.ca\/wp-content\/uploads\/2026\/04\/2026JoelleKrol_Thumbnail-80x80.jpg 80w, https:\/\/wildlifepreservation.ca\/wp-content\/uploads\/2026\/04\/2026JoelleKrol_Thumbnail-12x12.jpg 12w, https:\/\/wildlifepreservation.ca\/wp-content\/uploads\/2026\/04\/2026JoelleKrol_Thumbnail-36x36.jpg 36w, https:\/\/wildlifepreservation.ca\/wp-content\/uploads\/2026\/04\/2026JoelleKrol_Thumbnail-180x180.jpg 180w\" sizes=\"auto, (max-width: 400px) 100vw, 400px\" \/><\/a><\/div><div class=\"entry-content\"  itemprop=\"text\" ><div class=\"read-more-link\"><a href=\"https:\/\/wildlifepreservation.ca\/fr\/blog\/frog-detective-on-the-case\/\" class=\"more-link\">Read more<span class='more-link-arrow avia-svg-icon avia-font-svg_entypo-fontello' data-av_svg_icon='right-open-big' data-av_iconset='svg_entypo-fontello'><svg version=\"1.1\" xmlns=\"http:\/\/www.w3.org\/2000\/svg\" width=\"15\" height=\"32\" viewbox=\"0 0 15 32\" preserveaspectratio=\"xMidYMid meet\" role=\"graphics-symbol\" aria-hidden=\"true\">\n<path d=\"M0.416 27.84l11.456-11.84-11.456-11.904q-0.832-0.832 0-1.536 0.832-0.832 1.536 0l12.544 12.608q0.768 0.832 0 1.6l-12.544 12.608q-0.704 0.832-1.536 0-0.832-0.704 0-1.536z\"><\/path>\n<\/svg><\/span><\/a><\/div>\n<\/div><span class=\"post-meta-infos\"><time class=\"date-container minor-meta updated\"  itemprop=\"datePublished\" datetime=\"2026-04-22T10:05:16-05:00\" >22 avril 2026<\/time><span class=\"text-sep\">\/<\/span><span class=\"blog-author minor-meta\">par <span class=\"entry-author-link\"  itemprop=\"author\" ><span class=\"author\"><span class=\"fn\"><a href=\"https:\/\/wildlifepreservation.ca\/fr\/blog\/author\/wildlife-preservation-canada\/\" rel=\"author\">Conservation de la faune au Canada<\/a><\/span><\/span><\/span><\/span><\/span><footer class=\"entry-footer\"><\/footer><div class='post_delimiter'><\/div><\/div><div class=\"post_author_timeline\"><\/div><span class='hidden'>\n\t\t\t\t<span class='av-structured-data'  itemprop=\"image\" itemscope=\"itemscope\" itemtype=\"https:\/\/schema.org\/ImageObject\" >\n\t\t\t\t\t\t<span itemprop='url'>https:\/\/wildlifepreservation.ca\/wp-content\/uploads\/2026\/04\/2026JoelleKrol_Thumbnail.jpg<\/span>\n\t\t\t\t\t\t<span itemprop='height'>400<\/span>\n\t\t\t\t\t\t<span itemprop='width'>400<\/span>\n\t\t\t\t<\/span>\n\t\t\t\t<span class='av-structured-data'  itemprop=\"publisher\" itemtype=\"https:\/\/schema.org\/Organization\" itemscope=\"itemscope\" >\n\t\t\t\t\t\t<span itemprop='name'>Conservation de la faune au Canada<\/span>\n\t\t\t\t\t\t<span itemprop='logo' itemscope itemtype='https:\/\/schema.org\/ImageObject'>\n\t\t\t\t\t\t\t<span itemprop='url'>https:\/\/wildlifepreservation.ca\/wp-content\/uploads\/2026\/06\/WPC_Frn-scaled.jpg<\/span>\n\t\t\t\t\t\t<\/span>\n\t\t\t\t<\/span><span class='av-structured-data'  itemprop=\"author\" itemscope=\"itemscope\" itemtype=\"https:\/\/schema.org\/Person\" ><span itemprop='name'>Conservation de la faune au Canada<\/span><\/span><span class='av-structured-data'  itemprop=\"datePublished\" datetime=\"2026-04-22T10:05:16-05:00\" >2026-04-22 10:05:16<\/span><span class='av-structured-data'  itemprop=\"dateModified\" itemtype=\"https:\/\/schema.org\/dateModified\" >2026-04-28 12:37:50<\/span><span class='av-structured-data'  itemprop=\"mainEntityOfPage\" itemtype=\"https:\/\/schema.org\/mainEntityOfPage\" ><span itemprop='name'>Enqu\u00eate sur les grenouilles<\/span><\/span><\/span><\/article><article class=\"post-entry post-entry-type-standard post-entry-48961 post-loop-3 post-parity-odd post-entry-last single-big with-slider post-48961 post type-post status-publish format-standard has-post-thumbnail hentry category-news-and-events category-oregon_spotted_frog project-fraser-valley-wetlands specific-species-oregon-spotted-frog-program specific-species-species-at-risk\"  itemscope=\"itemscope\" itemtype=\"https:\/\/schema.org\/BlogPosting\" ><div class=\"blog-meta\"><\/div><div class='entry-content-wrapper clearfix standard-content'><header class=\"entry-content-header\" aria-label=\"Post: What is the difference between frogs and toads?\"><div class=\"av-heading-wrapper\"><h2 class='post-title entry-title'  itemprop=\"headline\" ><a href=\"https:\/\/wildlifepreservation.ca\/fr\/blog\/difference-between-frogs-and-toads\/\" rel=\"bookmark\" title=\"Permanent Link: What is the difference between frogs and toads?\">Quelle est la diff\u00e9rence entre les grenouilles et les crapauds ?<span class=\"post-format-icon minor-meta\"><\/span><\/a><\/h2><span class=\"blog-categories minor-meta\"><a href=\"https:\/\/wildlifepreservation.ca\/fr\/blog\/category\/news-and-events\/\" rel=\"tag\">Actualit\u00e9s et \u00e9v\u00e9nements<\/a>, <a href=\"https:\/\/wildlifepreservation.ca\/fr\/blog\/category\/oregon_spotted_frog\/\" rel=\"tag\">Grenouille macul\u00e9e de l'Oregon<\/a> <a href=\"https:\/\/wildlifepreservation.ca\/fr\/blog\/project\/fraser-valley-wetlands\/\" rel=\"tag\">Les zones humides de la vall\u00e9e Fraser<\/a> <a href=\"https:\/\/wildlifepreservation.ca\/fr\/species\/oregon-spotted-frog-program\/\" rel=\"tag\">Grenouille macul\u00e9e de l'Oregon<\/a>, <a href=\"https:\/\/wildlifepreservation.ca\/fr\/species\/species-at-risk\/\" rel=\"tag\">Esp\u00e8ces menac\u00e9es<\/a><\/span><\/div><\/header><span class=\"av-vertical-delimiter\"><\/span><div class=\"big-preview single-big\"  itemprop=\"image\" itemscope=\"itemscope\" itemtype=\"https:\/\/schema.org\/ImageObject\" ><a href=\"https:\/\/wildlifepreservation.ca\/fr\/blog\/difference-between-frogs-and-toads\/\"  title=\"GrenouilleVSToile_Miniature\" ><img decoding=\"async\" loading=\"lazy\" width=\"400\" height=\"400\" src=\"https:\/\/wildlifepreservation.ca\/wp-content\/uploads\/2025\/01\/FrogVSToad_Thumbnail.png\" class=\"wp-image-48969 avia-img-lazy-loading-48969 attachment-entry_without_sidebar size-entry_without_sidebar wp-post-image\" alt=\"\" srcset=\"https:\/\/wildlifepreservation.ca\/wp-content\/uploads\/2025\/01\/FrogVSToad_Thumbnail.png 400w, https:\/\/wildlifepreservation.ca\/wp-content\/uploads\/2025\/01\/FrogVSToad_Thumbnail-300x300.png 300w, https:\/\/wildlifepreservation.ca\/wp-content\/uploads\/2025\/01\/FrogVSToad_Thumbnail-80x80.png 80w, https:\/\/wildlifepreservation.ca\/wp-content\/uploads\/2025\/01\/FrogVSToad_Thumbnail-12x12.png 12w, https:\/\/wildlifepreservation.ca\/wp-content\/uploads\/2025\/01\/FrogVSToad_Thumbnail-36x36.png 36w, https:\/\/wildlifepreservation.ca\/wp-content\/uploads\/2025\/01\/FrogVSToad_Thumbnail-180x180.png 180w\" sizes=\"auto, (max-width: 400px) 100vw, 400px\" \/><\/a><\/div><div class=\"entry-content\"  itemprop=\"text\" ><div class=\"read-more-link\"><a href=\"https:\/\/wildlifepreservation.ca\/fr\/blog\/difference-between-frogs-and-toads\/\" class=\"more-link\">Read more<span class='more-link-arrow avia-svg-icon avia-font-svg_entypo-fontello' data-av_svg_icon='right-open-big' data-av_iconset='svg_entypo-fontello'><svg version=\"1.1\" xmlns=\"http:\/\/www.w3.org\/2000\/svg\" width=\"15\" height=\"32\" viewbox=\"0 0 15 32\" preserveaspectratio=\"xMidYMid meet\" role=\"graphics-symbol\" aria-hidden=\"true\">\n<path d=\"M0.416 27.84l11.456-11.84-11.456-11.904q-0.832-0.832 0-1.536 0.832-0.832 1.536 0l12.544 12.608q0.768 0.832 0 1.6l-12.544 12.608q-0.704 0.832-1.536 0-0.832-0.704 0-1.536z\"><\/path>\n<\/svg><\/span><\/a><\/div>\n<\/div><span class=\"post-meta-infos\"><time class=\"date-container minor-meta updated\"  itemprop=\"datePublished\" datetime=\"2025-01-19T11:40:35-05:00\" >19 janvier 2025<\/time><span class=\"text-sep\">\/<\/span><span class=\"blog-author minor-meta\">par <span class=\"entry-author-link\"  itemprop=\"author\" ><span class=\"author\"><span class=\"fn\"><a href=\"https:\/\/wildlifepreservation.ca\/fr\/blog\/author\/wildlife-preservation-canada\/\" rel=\"author\">Conservation de la faune au Canada<\/a><\/span><\/span><\/span><\/span><\/span><footer class=\"entry-footer\"><\/footer><div class='post_delimiter'><\/div><\/div><div class=\"post_author_timeline\"><\/div><span class='hidden'>\n\t\t\t\t<span class='av-structured-data'  itemprop=\"image\" itemscope=\"itemscope\" itemtype=\"https:\/\/schema.org\/ImageObject\" >\n\t\t\t\t\t\t<span itemprop='url'>https:\/\/wildlifepreservation.ca\/wp-content\/uploads\/2025\/01\/FrogVSToad_Thumbnail.png<\/span>\n\t\t\t\t\t\t<span itemprop='height'>400<\/span>\n\t\t\t\t\t\t<span itemprop='width'>400<\/span>\n\t\t\t\t<\/span>\n\t\t\t\t<span class='av-structured-data'  itemprop=\"publisher\" itemtype=\"https:\/\/schema.org\/Organization\" itemscope=\"itemscope\" >\n\t\t\t\t\t\t<span itemprop='name'>Conservation de la faune au Canada<\/span>\n\t\t\t\t\t\t<span itemprop='logo' itemscope itemtype='https:\/\/schema.org\/ImageObject'>\n\t\t\t\t\t\t\t<span itemprop='url'>https:\/\/wildlifepreservation.ca\/wp-content\/uploads\/2026\/06\/WPC_Frn-scaled.jpg<\/span>\n\t\t\t\t\t\t<\/span>\n\t\t\t\t<\/span><span class='av-structured-data'  itemprop=\"author\" itemscope=\"itemscope\" itemtype=\"https:\/\/schema.org\/Person\" ><span itemprop='name'>Conservation de la faune au Canada<\/span><\/span><span class='av-structured-data'  itemprop=\"datePublished\" datetime=\"2025-01-19T11:40:35-05:00\" >2025-01-19 11:40:35<\/span><span class='av-structured-data'  itemprop=\"dateModified\" itemtype=\"https:\/\/schema.org\/dateModified\" >2026-08-16 07:47:34<\/span><span class='av-structured-data'  itemprop=\"mainEntityOfPage\" itemtype=\"https:\/\/schema.org\/mainEntityOfPage\" ><span itemprop='name'>Quelle est la diff\u00e9rence entre les grenouilles et les crapauds ?<\/span><\/span><\/span><\/article><\/div><\/div>\n\n\n<style type=\"text\/css\" data-created_by=\"avia_inline_auto\" id=\"style-css-av-29m4x4l-7c4673537ed5f78df2aa72dbb55efc70\">\n.avia-section.av-29m4x4l-7c4673537ed5f78df2aa72dbb55efc70{\nbackground-repeat:no-repeat;\nbackground-image:url(https:\/\/wildlifepreservation.ca\/wp-content\/uploads\/2021\/04\/Website-banners-2.jpg);\nbackground-position:0% 0%;\nbackground-attachment:scroll;\n}\n<\/style>\n<div id='av_section_5'  class='avia-section av-29m4x4l-7c4673537ed5f78df2aa72dbb55efc70 main_color avia-section-default avia-no-border-styling  avia-builder-el-0  el_before_av_section  avia-builder-el-first  need-your-help-wrapper avia-full-stretch avia-bg-style-scroll container_wrap fullsize'  data-section-bg-repeat='stretch'><div class='container av-section-cont-open' ><main  role=\"main\" itemprop=\"mainContentOfPage\"  class='template-page content  av-content-full alpha units'><div class='post-entry post-entry-type-page post-entry-51104'><div class='entry-content-wrapper clearfix'>\n<div  class='flex_column av-1ig45p1-c60cae1775263f4b522249f1315e414e av_one_full first flex_column_div'     ><section  class='av_textblock_section av-13e59px-9a3cde1af78648fd15a6a1cbe79a039b'   itemscope=\"itemscope\" itemtype=\"https:\/\/schema.org\/BlogPosting\" itemprop=\"blogPost\" ><div class='avia_textblock'  itemprop=\"text\" ><p style=\"text-align: center;\">Nous avons besoin de votre aide<\/p>\n<h1 style=\"text-align: center;\">Faites un don pour sauver les esp\u00e8ces menac\u00e9es<\/h1>\n<\/div><\/section><br \/>\n<div  class='avia-button-wrap av-jx3cwl-e3e95844d15275e18dd9f76f7f076fb8-wrap avia-button-center  heart-button'>\n<style type=\"text\/css\" data-created_by=\"avia_inline_auto\" id=\"style-css-av-jx3cwl-e3e95844d15275e18dd9f76f7f076fb8\">\n#top #wrap_all .avia-button.av-jx3cwl-e3e95844d15275e18dd9f76f7f076fb8:hover{\ncolor:white;\ntransition:all 0.4s ease-in-out;\n}\n#top #wrap_all .avia-button.av-jx3cwl-e3e95844d15275e18dd9f76f7f076fb8:hover .avia-svg-icon svg:first-child{\nfill:white;\nstroke:white;\n}\n<\/style>\n<a href='https:\/\/wildlifepreservation.ca\/fr\/donate\/'  class='avia-button av-jx3cwl-e3e95844d15275e18dd9f76f7f076fb8 av-link-btn avia-icon_select-no avia-size-small avia-position-center avia-color-theme-color avia-font-color-theme-color'   aria-label=\"Faire un don\"><span class='avia_iconbox_title' >Faire un don<\/span><span class='avia_button_background avia-button avia-color-theme-color-highlight' ><\/span><\/a><\/div><\/p><\/div>","protected":false},"excerpt":{"rendered":"","protected":false},"author":128,"featured_media":51123,"comment_status":"closed","ping_status":"closed","sticky":false,"template":"","format":"standard","meta":{"inline_featured_image":false,"footnotes":""},"categories":[10],"tags":[],"class_list":["post-51104","post","type-post","status-publish","format-standard","has-post-thumbnail","hentry","category-news-and-events","project-fraser-valley-wetlands","specific-species-oregon-spotted-frog-program"],"yoast_head":"<!-- This site is optimized with the Yoast SEO plugin v28.4 - https:\/\/yoast.com\/product\/yoast-seo-wordpress\/ -->\n<title>Frogs and PIT tags... must be fall! Part 1 - Wildlife Preservation Canada News and Events<\/title>\n<meta name=\"description\" content=\"Wildlife Preservation Canada\u2019s mission is to save animal species at risk from extinction in Canada by providing direct, hands-on care.Learn more about\" \/>\n<meta name=\"robots\" content=\"index, follow, max-snippet:-1, max-image-preview:large, max-video-preview:-1\" \/>\n<link rel=\"canonical\" href=\"https:\/\/wildlifepreservation.ca\/fr\/blog\/frogs-pit-tags\/\" \/>\n<meta property=\"og:locale\" content=\"fr_CA\" \/>\n<meta property=\"og:type\" content=\"article\" \/>\n<meta property=\"og:title\" content=\"Frogs and PIT tags... must be fall! Part 1 - Wildlife Preservation Canada News and Events\" \/>\n<meta property=\"og:description\" content=\"Wildlife Preservation Canada\u2019s mission is to save animal species at risk from extinction in Canada by providing direct, hands-on care.Learn more about\" \/>\n<meta property=\"og:url\" content=\"https:\/\/wildlifepreservation.ca\/fr\/blog\/frogs-pit-tags\/\" \/>\n<meta property=\"og:site_name\" content=\"Wildlife Preservation Canada\" \/>\n<meta property=\"article:published_time\" content=\"2025-10-14T14:19:35+00:00\" \/>\n<meta property=\"article:modified_time\" content=\"2026-07-22T19:54:27+00:00\" \/>\n<meta property=\"og:image\" content=\"https:\/\/wildlifepreservation.ca\/wp-content\/uploads\/2025\/10\/Froglet_JKissel_Thumbnail.png\" \/>\n\t<meta property=\"og:image:width\" content=\"400\" \/>\n\t<meta property=\"og:image:height\" content=\"400\" \/>\n\t<meta property=\"og:image:type\" content=\"image\/png\" \/>\n<meta name=\"author\" content=\"Jenna Kissel\" \/>\n<meta name=\"twitter:card\" content=\"summary_large_image\" \/>\n<script type=\"application\/ld+json\" class=\"yoast-schema-graph\">{\"@context\":\"https:\\\/\\\/schema.org\",\"@graph\":[{\"@type\":\"Article\",\"@id\":\"https:\\\/\\\/wildlifepreservation.ca\\\/blog\\\/frogs-pit-tags\\\/#article\",\"isPartOf\":{\"@id\":\"https:\\\/\\\/wildlifepreservation.ca\\\/blog\\\/frogs-pit-tags\\\/\"},\"author\":{\"name\":\"Jenna Kissel\",\"@id\":\"https:\\\/\\\/wildlifepreservation.ca\\\/#\\\/schema\\\/person\\\/5b90161b1ecf48992efc18eeb174577b\"},\"headline\":\"Frogs and PIT tags&#8230; must be fall! Part 1\",\"datePublished\":\"2025-10-14T14:19:35+00:00\",\"dateModified\":\"2026-07-22T19:54:27+00:00\",\"mainEntityOfPage\":{\"@id\":\"https:\\\/\\\/wildlifepreservation.ca\\\/blog\\\/frogs-pit-tags\\\/\"},\"wordCount\":7785,\"image\":{\"@id\":\"https:\\\/\\\/wildlifepreservation.ca\\\/blog\\\/frogs-pit-tags\\\/#primaryimage\"},\"thumbnailUrl\":\"https:\\\/\\\/wildlifepreservation.ca\\\/wp-content\\\/uploads\\\/2025\\\/10\\\/Froglet_JKissel_Thumbnail.png\",\"articleSection\":[\"News and Events\"],\"inLanguage\":\"fr-CA\"},{\"@type\":\"WebPage\",\"@id\":\"https:\\\/\\\/wildlifepreservation.ca\\\/blog\\\/frogs-pit-tags\\\/\",\"url\":\"https:\\\/\\\/wildlifepreservation.ca\\\/blog\\\/frogs-pit-tags\\\/\",\"name\":\"Frogs and PIT tags... must be fall! Part 1 - Wildlife Preservation Canada News and Events\",\"isPartOf\":{\"@id\":\"https:\\\/\\\/wildlifepreservation.ca\\\/#website\"},\"primaryImageOfPage\":{\"@id\":\"https:\\\/\\\/wildlifepreservation.ca\\\/blog\\\/frogs-pit-tags\\\/#primaryimage\"},\"image\":{\"@id\":\"https:\\\/\\\/wildlifepreservation.ca\\\/blog\\\/frogs-pit-tags\\\/#primaryimage\"},\"thumbnailUrl\":\"https:\\\/\\\/wildlifepreservation.ca\\\/wp-content\\\/uploads\\\/2025\\\/10\\\/Froglet_JKissel_Thumbnail.png\",\"datePublished\":\"2025-10-14T14:19:35+00:00\",\"dateModified\":\"2026-07-22T19:54:27+00:00\",\"author\":{\"@id\":\"https:\\\/\\\/wildlifepreservation.ca\\\/#\\\/schema\\\/person\\\/5b90161b1ecf48992efc18eeb174577b\"},\"description\":\"Wildlife Preservation Canada\u2019s mission is to save animal species at risk from extinction in Canada by providing direct, hands-on care.Learn more about\",\"breadcrumb\":{\"@id\":\"https:\\\/\\\/wildlifepreservation.ca\\\/blog\\\/frogs-pit-tags\\\/#breadcrumb\"},\"inLanguage\":\"fr-CA\",\"potentialAction\":[{\"@type\":\"ReadAction\",\"target\":[\"https:\\\/\\\/wildlifepreservation.ca\\\/blog\\\/frogs-pit-tags\\\/\"]}]},{\"@type\":\"ImageObject\",\"inLanguage\":\"fr-CA\",\"@id\":\"https:\\\/\\\/wildlifepreservation.ca\\\/blog\\\/frogs-pit-tags\\\/#primaryimage\",\"url\":\"https:\\\/\\\/wildlifepreservation.ca\\\/wp-content\\\/uploads\\\/2025\\\/10\\\/Froglet_JKissel_Thumbnail.png\",\"contentUrl\":\"https:\\\/\\\/wildlifepreservation.ca\\\/wp-content\\\/uploads\\\/2025\\\/10\\\/Froglet_JKissel_Thumbnail.png\",\"width\":400,\"height\":400},{\"@type\":\"BreadcrumbList\",\"@id\":\"https:\\\/\\\/wildlifepreservation.ca\\\/blog\\\/frogs-pit-tags\\\/#breadcrumb\",\"itemListElement\":[{\"@type\":\"ListItem\",\"position\":1,\"name\":\"Home\",\"item\":\"https:\\\/\\\/wildlifepreservation.ca\\\/home\\\/\"},{\"@type\":\"ListItem\",\"position\":2,\"name\":\"Frogs and PIT tags&#8230; must be fall! Part 1\"}]},{\"@type\":\"WebSite\",\"@id\":\"https:\\\/\\\/wildlifepreservation.ca\\\/#website\",\"url\":\"https:\\\/\\\/wildlifepreservation.ca\\\/\",\"name\":\"Wildlife Preservation Canada\",\"description\":\"Canada&#039;s last defence for endangered species.\",\"potentialAction\":[{\"@type\":\"SearchAction\",\"target\":{\"@type\":\"EntryPoint\",\"urlTemplate\":\"https:\\\/\\\/wildlifepreservation.ca\\\/?s={search_term_string}\"},\"query-input\":{\"@type\":\"PropertyValueSpecification\",\"valueRequired\":true,\"valueName\":\"search_term_string\"}}],\"inLanguage\":\"fr-CA\"},{\"@type\":\"Person\",\"@id\":\"https:\\\/\\\/wildlifepreservation.ca\\\/#\\\/schema\\\/person\\\/5b90161b1ecf48992efc18eeb174577b\",\"name\":\"Jenna Kissel\",\"image\":{\"@type\":\"ImageObject\",\"inLanguage\":\"fr-CA\",\"@id\":\"https:\\\/\\\/secure.gravatar.com\\\/avatar\\\/4eccaf26f58f87012accfd83490e4cc559ee5a8ab382ddfcff9beb5484ef1055?s=96&d=mm&r=g\",\"url\":\"https:\\\/\\\/secure.gravatar.com\\\/avatar\\\/4eccaf26f58f87012accfd83490e4cc559ee5a8ab382ddfcff9beb5484ef1055?s=96&d=mm&r=g\",\"contentUrl\":\"https:\\\/\\\/secure.gravatar.com\\\/avatar\\\/4eccaf26f58f87012accfd83490e4cc559ee5a8ab382ddfcff9beb5484ef1055?s=96&d=mm&r=g\",\"caption\":\"Jenna Kissel\"}}]}<\/script>\n<!-- \/ Yoast SEO plugin. -->","yoast_head_json":{"title":"Frogs and PIT tags... must be fall! Part 1 - Wildlife Preservation Canada News and Events","description":"Wildlife Preservation Canada\u2019s mission is to save animal species at risk from extinction in Canada by providing direct, hands-on care.Learn more about","robots":{"index":"index","follow":"follow","max-snippet":"max-snippet:-1","max-image-preview":"max-image-preview:large","max-video-preview":"max-video-preview:-1"},"canonical":"https:\/\/wildlifepreservation.ca\/fr\/blog\/frogs-pit-tags\/","og_locale":"fr_CA","og_type":"article","og_title":"Frogs and PIT tags... must be fall! Part 1 - Wildlife Preservation Canada News and Events","og_description":"Wildlife Preservation Canada\u2019s mission is to save animal species at risk from extinction in Canada by providing direct, hands-on care.Learn more about","og_url":"https:\/\/wildlifepreservation.ca\/fr\/blog\/frogs-pit-tags\/","og_site_name":"Wildlife Preservation Canada","article_published_time":"2025-10-14T14:19:35+00:00","article_modified_time":"2026-07-22T19:54:27+00:00","og_image":[{"width":400,"height":400,"url":"https:\/\/wildlifepreservation.ca\/wp-content\/uploads\/2025\/10\/Froglet_JKissel_Thumbnail.png","type":"image\/png"}],"author":"Jenna Kissel","twitter_card":"summary_large_image","schema":{"@context":"https:\/\/schema.org","@graph":[{"@type":"Article","@id":"https:\/\/wildlifepreservation.ca\/blog\/frogs-pit-tags\/#article","isPartOf":{"@id":"https:\/\/wildlifepreservation.ca\/blog\/frogs-pit-tags\/"},"author":{"name":"Jenna Kissel","@id":"https:\/\/wildlifepreservation.ca\/#\/schema\/person\/5b90161b1ecf48992efc18eeb174577b"},"headline":"Frogs and PIT tags&#8230; must be fall! Part 1","datePublished":"2025-10-14T14:19:35+00:00","dateModified":"2026-07-22T19:54:27+00:00","mainEntityOfPage":{"@id":"https:\/\/wildlifepreservation.ca\/blog\/frogs-pit-tags\/"},"wordCount":7785,"image":{"@id":"https:\/\/wildlifepreservation.ca\/blog\/frogs-pit-tags\/#primaryimage"},"thumbnailUrl":"https:\/\/wildlifepreservation.ca\/wp-content\/uploads\/2025\/10\/Froglet_JKissel_Thumbnail.png","articleSection":["News and Events"],"inLanguage":"fr-CA"},{"@type":"WebPage","@id":"https:\/\/wildlifepreservation.ca\/blog\/frogs-pit-tags\/","url":"https:\/\/wildlifepreservation.ca\/blog\/frogs-pit-tags\/","name":"Frogs and PIT tags... must be fall! Part 1 - Wildlife Preservation Canada News and Events","isPartOf":{"@id":"https:\/\/wildlifepreservation.ca\/#website"},"primaryImageOfPage":{"@id":"https:\/\/wildlifepreservation.ca\/blog\/frogs-pit-tags\/#primaryimage"},"image":{"@id":"https:\/\/wildlifepreservation.ca\/blog\/frogs-pit-tags\/#primaryimage"},"thumbnailUrl":"https:\/\/wildlifepreservation.ca\/wp-content\/uploads\/2025\/10\/Froglet_JKissel_Thumbnail.png","datePublished":"2025-10-14T14:19:35+00:00","dateModified":"2026-07-22T19:54:27+00:00","author":{"@id":"https:\/\/wildlifepreservation.ca\/#\/schema\/person\/5b90161b1ecf48992efc18eeb174577b"},"description":"Wildlife Preservation Canada\u2019s mission is to save animal species at risk from extinction in Canada by providing direct, hands-on care.Learn more about","breadcrumb":{"@id":"https:\/\/wildlifepreservation.ca\/blog\/frogs-pit-tags\/#breadcrumb"},"inLanguage":"fr-CA","potentialAction":[{"@type":"ReadAction","target":["https:\/\/wildlifepreservation.ca\/blog\/frogs-pit-tags\/"]}]},{"@type":"ImageObject","inLanguage":"fr-CA","@id":"https:\/\/wildlifepreservation.ca\/blog\/frogs-pit-tags\/#primaryimage","url":"https:\/\/wildlifepreservation.ca\/wp-content\/uploads\/2025\/10\/Froglet_JKissel_Thumbnail.png","contentUrl":"https:\/\/wildlifepreservation.ca\/wp-content\/uploads\/2025\/10\/Froglet_JKissel_Thumbnail.png","width":400,"height":400},{"@type":"BreadcrumbList","@id":"https:\/\/wildlifepreservation.ca\/blog\/frogs-pit-tags\/#breadcrumb","itemListElement":[{"@type":"ListItem","position":1,"name":"Home","item":"https:\/\/wildlifepreservation.ca\/home\/"},{"@type":"ListItem","position":2,"name":"Frogs and PIT tags&#8230; must be fall! Part 1"}]},{"@type":"WebSite","@id":"https:\/\/wildlifepreservation.ca\/#website","url":"https:\/\/wildlifepreservation.ca\/","name":"Conservation de la faune au Canada","description":"Canada&#039;s last defence for endangered species.","potentialAction":[{"@type":"SearchAction","target":{"@type":"EntryPoint","urlTemplate":"https:\/\/wildlifepreservation.ca\/?s={search_term_string}"},"query-input":{"@type":"PropertyValueSpecification","valueRequired":true,"valueName":"search_term_string"}}],"inLanguage":"fr-CA"},{"@type":"Person","@id":"https:\/\/wildlifepreservation.ca\/#\/schema\/person\/5b90161b1ecf48992efc18eeb174577b","name":"Jenna Kissel","image":{"@type":"ImageObject","inLanguage":"fr-CA","@id":"https:\/\/secure.gravatar.com\/avatar\/4eccaf26f58f87012accfd83490e4cc559ee5a8ab382ddfcff9beb5484ef1055?s=96&d=mm&r=g","url":"https:\/\/secure.gravatar.com\/avatar\/4eccaf26f58f87012accfd83490e4cc559ee5a8ab382ddfcff9beb5484ef1055?s=96&d=mm&r=g","contentUrl":"https:\/\/secure.gravatar.com\/avatar\/4eccaf26f58f87012accfd83490e4cc559ee5a8ab382ddfcff9beb5484ef1055?s=96&d=mm&r=g","caption":"Jenna Kissel"}}]}},"_links":{"self":[{"href":"https:\/\/wildlifepreservation.ca\/fr\/wp-json\/wp\/v2\/posts\/51104","targetHints":{"allow":["GET"]}}],"collection":[{"href":"https:\/\/wildlifepreservation.ca\/fr\/wp-json\/wp\/v2\/posts"}],"about":[{"href":"https:\/\/wildlifepreservation.ca\/fr\/wp-json\/wp\/v2\/types\/post"}],"author":[{"embeddable":true,"href":"https:\/\/wildlifepreservation.ca\/fr\/wp-json\/wp\/v2\/users\/128"}],"replies":[{"embeddable":true,"href":"https:\/\/wildlifepreservation.ca\/fr\/wp-json\/wp\/v2\/comments?post=51104"}],"version-history":[{"count":2,"href":"https:\/\/wildlifepreservation.ca\/fr\/wp-json\/wp\/v2\/posts\/51104\/revisions"}],"predecessor-version":[{"id":51220,"href":"https:\/\/wildlifepreservation.ca\/fr\/wp-json\/wp\/v2\/posts\/51104\/revisions\/51220"}],"wp:featuredmedia":[{"embeddable":true,"href":"https:\/\/wildlifepreservation.ca\/fr\/wp-json\/wp\/v2\/media\/51123"}],"wp:attachment":[{"href":"https:\/\/wildlifepreservation.ca\/fr\/wp-json\/wp\/v2\/media?parent=51104"}],"wp:term":[{"taxonomy":"category","embeddable":true,"href":"https:\/\/wildlifepreservation.ca\/fr\/wp-json\/wp\/v2\/categories?post=51104"},{"taxonomy":"post_tag","embeddable":true,"href":"https:\/\/wildlifepreservation.ca\/fr\/wp-json\/wp\/v2\/tags?post=51104"}],"curies":[{"name":"wp","href":"https:\/\/api.w.org\/{rel}","templated":true}]}}