{"id":51695,"date":"2026-01-22T12:52:02","date_gmt":"2026-01-22T17:52:02","guid":{"rendered":"https:\/\/wildlifepreservation.ca\/?p=51695"},"modified":"2026-08-16T08:26:05","modified_gmt":"2026-08-16T13:26:05","slug":"new-noah-daryn-farrant","status":"publish","type":"post","link":"https:\/\/wildlifepreservation.ca\/fr\/blog\/new-noah-daryn-farrant\/","title":{"rendered":"Daryn Farrant \u2013 La 36e No\u00e9 du Canada de CFC"},"content":{"rendered":"<div id='av_section_1'  class='avia-section av-7a0248m-d6f571390d2f09231264b81a40c0e771 main_color avia-section-default avia-no-border-styling  avia-builder-el-0  el_before_av_section  avia-builder-el-first  species-inner-content-intro-wrapper avia-bg-style-scroll container_wrap fullsize'  ><div class='container av-section-cont-open' ><main  role=\"main\" itemprop=\"mainContentOfPage\"  class='template-page content  av-content-full alpha units'><div class='post-entry post-entry-type-page post-entry-51695'><div class='entry-content-wrapper clearfix'>\n<div  class='flex_column av-6qjjhva-ff062b900108c33c1c2005ad9b8ee413 av_one_full  avia-builder-el-1  avia-builder-el-no-sibling  first flex_column_div'     ><section  class='av_textblock_section av-61xg28m-a1745d71c21e1e600f5260e955537cbc'   itemscope=\"itemscope\" itemtype=\"https:\/\/schema.org\/BlogPosting\" itemprop=\"blogPost\" ><div class='avia_textblock'  itemprop=\"text\" ><div class=\"noah-title-wrapper\">\n<div class=\"noah-img-wrapper\"><\/div>\n<div class=\"noah-title\">\n<div class=\"noah-icon\"><\/div>\n<h5>La 36e No\u00e9 du Canada<\/h5>\n<h2>Rencontrez Daryn Farrant<\/h2>\n<\/div>\n<\/div>\n<\/div><\/section><\/div>\n\n<\/div><\/div><\/main><!-- close content main element --><\/div><\/div><div id='av_section_2'  class='avia-section av-34n270e-f8e2abd38576688646ccd6c23798d6c2 main_color avia-section-default avia-no-border-styling  avia-builder-el-3  el_after_av_section  el_before_av_section  blog-inner avia-bg-style-scroll container_wrap fullsize'  ><div class='container av-section-cont-open' ><div class='template-page content  av-content-full alpha units'><div class='post-entry post-entry-type-page post-entry-51695'><div class='entry-content-wrapper clearfix'>\n\n<style type=\"text\/css\" data-created_by=\"avia_inline_auto\" id=\"style-css-av-ls2b3lfb-fa6b39400f5d4aa0beb0f73100b3b834\">\n.avia-image-container.av-ls2b3lfb-fa6b39400f5d4aa0beb0f73100b3b834 img.avia_image{\nbox-shadow:none;\n}\n.avia-image-container.av-ls2b3lfb-fa6b39400f5d4aa0beb0f73100b3b834 .av-image-caption-overlay-center{\ncolor:#ffffff;\n}\n<\/style>\n<div  class='avia-image-container av-ls2b3lfb-fa6b39400f5d4aa0beb0f73100b3b834 av-styling- avia-align-center  avia-builder-el-4  el_before_av_heading  avia-builder-el-first  inner-blog-banner-full-width-img'   itemprop=\"image\" itemscope=\"itemscope\" itemtype=\"https:\/\/schema.org\/ImageObject\" ><div class=\"avia-image-container-inner\"><div class=\"avia-image-overlay-wrap\"><img fetchpriority=\"high\" class='wp-image-51698 avia-img-lazy-loading-not-51698 avia_image' src='https:\/\/wildlifepreservation.ca\/wp-content\/uploads\/2026\/01\/DarynFarrant_CNN_IntroBlog.jpg' alt='A photo of Daryn: A woman with shoulder-length wavy light brown hair and brown eyes, wearing a ball cap with trees on it and a blue plaid shirt. A pair of binoculars is slung across her chest.' title='DarynFarrant_CNN_IntroBlog'  height=\"738\" width=\"1019\"  itemprop=\"thumbnailUrl\"  \/><\/div><\/div><\/div>\n\n<style type=\"text\/css\" data-created_by=\"avia_inline_auto\" id=\"style-css-av-m86492wy-919649247e101644bf59e6f1a2e25455\">\n#top .av-special-heading.av-m86492wy-919649247e101644bf59e6f1a2e25455{\npadding-bottom:10px;\n}\nbody .av-special-heading.av-m86492wy-919649247e101644bf59e6f1a2e25455 .av-special-heading-tag .heading-char{\nfont-size:25px;\n}\n.av-special-heading.av-m86492wy-919649247e101644bf59e6f1a2e25455 .av-subheading{\nfont-size:15px;\n}\n<\/style>\n<div  class='av-special-heading av-m86492wy-919649247e101644bf59e6f1a2e25455 av-special-heading-h1 blockquote modern-quote modern-centered  avia-builder-el-5  el_after_av_image  el_before_av_post_metadata'><h1 class='av-special-heading-tag'  itemprop=\"headline\"  >D\u00e9couvrez Daryn<\/h1><div class=\"special-heading-border\"><div class=\"special-heading-inner-border\"><\/div><\/div><\/div>\n\n<style type=\"text\/css\" data-created_by=\"avia_inline_auto\" id=\"style-css-av-26629oe-88620422a1d0709c4ab45847da1b796b\">\n#top .av-post-metadata-container.av-26629oe-88620422a1d0709c4ab45847da1b796b{\nfont-size:16px;\n}\n#top .av-post-metadata-container.av-26629oe-88620422a1d0709c4ab45847da1b796b .av-post-metadata-container-inner{\nfont-size:16px;\n}\n<\/style>\n<div  class='av-post-metadata-container av-26629oe-88620422a1d0709c4ab45847da1b796b av-metadata-container-align-left  avia-builder-el-6  el_after_av_heading  avia-builder-el-last  av-metadata-container-1'><div class='av-post-metadata-container-inner'><span class=\"av-post-metadata-content av-post-metadata-meta-content\"><span class=\"av-post-metadata-content av-post-metadata-published\"><span class=\"av-metadata-before av-metadata-before-published\">Publi\u00e9 le<\/span><span class=\"av-post-metadata-published-date\" >22 janvier 2026<\/span><\/span><span class=\"av-post-metadata-content av-post-metadata-separator\"><\/span><span class=\"av-post-metadata-content av-post-metadata-author\"  itemprop=\"author\" ><span class=\"av-metadata-before av-metadata-before-author\">par<\/span><span class=\"av-post-metadata-author-link\" ><a href=\"https:\/\/wildlifepreservation.ca\/fr\/blog\/author\/dfarrant\/\"  rel=\"author\">Daryn Farrant<\/a><\/span><\/span><span class=\"av-post-metadata-content av-post-metadata-separator\"><\/span><span class=\"av-post-metadata-content av-post-metadata-category\"><span class=\"av-metadata-before av-metadata-before-categories\">|<\/span><span class=\"av-post-metadata-category-link\" ><a href=\"https:\/\/wildlifepreservation.ca\/fr\/blog\/category\/scientific-community\/canadas-new-noah\/\" >Le prochain No\u00e9 du Canada<\/a><\/span>, <span class=\"av-post-metadata-category-link\" ><a href=\"https:\/\/wildlifepreservation.ca\/fr\/blog\/category\/news-and-events\/\" >Actualit\u00e9s et \u00e9v\u00e9nements<\/a><\/span><\/span><\/span><\/div><\/div>\n\n<\/div><\/div><\/div><!-- close content main div --><\/div><\/div><div id='av_section_3'  class='avia-section av-188w5u8-94851b1cd6fb63d16c8114c5655186ad main_color avia-section-default avia-no-border-styling  avia-builder-el-7  el_after_av_section  el_before_av_section  species-inner-content-intro-wrapper avia-bg-style-scroll container_wrap fullsize'  ><div class='container av-section-cont-open' ><div class='template-page content  av-content-full alpha units'><div class='post-entry post-entry-type-page post-entry-51695'><div class='entry-content-wrapper clearfix'>\n\n<style type=\"text\/css\" data-created_by=\"avia_inline_auto\" id=\"style-css-av-qpbjbk-a5c4d134d3806a7cf79fe50fe4252c0a\">\n.flex_column.av-qpbjbk-a5c4d134d3806a7cf79fe50fe4252c0a{\npadding:25px 25px 25px 25px;\nbackground-color:#f8fbf4;\n}\n<\/style>\n<div  class='flex_column av-qpbjbk-a5c4d134d3806a7cf79fe50fe4252c0a av_one_full  avia-builder-el-8  avia-builder-el-no-sibling  light-section first flex_column_div'     ><section  class='av_textblock_section av-m865ngf5-593b223f9298c665d4f77e6a61c6b1de'   itemscope=\"itemscope\" itemtype=\"https:\/\/schema.org\/BlogPosting\" itemprop=\"blogPost\" ><div class='avia_textblock'  itemprop=\"text\" ><p>Depuis 1988, le programme du Prochain No\u00e9 du Canada offre aux biologistes de la conservation du Canada une occasion unique. Chaque ann\u00e9e, CFC s\u00e9lectionne un biologiste d\u00e9vou\u00e9 parmi les candidats de partout au Canada pour suivre un cours de 3 mois \u00e0 la Durrell Conservation Academy au Royaume-Uni, suivi d'un stage de 6 mois sur l'\u00eele Maurice dans l'oc\u00e9an Indien. C'est une occasion unique pour les jeunes Canadiens d'apprendre de premi\u00e8re main comment les programmes de r\u00e9tablissement de la conservation les plus r\u00e9ussis au monde sont g\u00e9r\u00e9s, et de ramener ces connaissances et cette exp\u00e9rience pour am\u00e9liorer la capacit\u00e9 de conservation du Canada.<\/p>\n<p>Pour la toute premi\u00e8re fois, CFC offre ce placement \u00e0 deux biologistes. Nos Prochain No\u00e9 2026 sont Jenna Kissel \u2014 la 35<sup>e <\/sup>No\u00e9 du Canada de CFC, et Daryn Farrant \u2014 la 36<sup>e <\/sup>No\u00e9 du Canada de la CFC. Les deux biologistes partagent leurs exp\u00e9riences et comment ils les appliqueront \u00e0 leur retour au Canada. <strong>Merci \u00e0 la Alan &amp; Patricia Koval Foundation pour leurs nombreuses ann\u00e9es de soutien au programme Canada\u2019s New Noah et pour avoir fait plus que le n\u00e9cessaire en soutenant deux stages Koval Foundation New Noah en 2026.<\/strong><\/p>\n<\/div><\/section><\/div>\n\n<\/div><\/div><\/div><!-- close content main div --><\/div><\/div><div id='av_section_4'  class='avia-section av-5q0nod2-84289895a6df75097549101740bf4f71 main_color avia-section-default avia-no-border-styling  avia-builder-el-10  el_after_av_section  el_before_av_section  species-inner-content-intro-wrapper avia-bg-style-scroll container_wrap fullsize'  ><div class='container av-section-cont-open' ><div class='template-page content  av-content-full alpha units'><div class='post-entry post-entry-type-page post-entry-51695'><div class='entry-content-wrapper clearfix'>\n<div  class='flex_column av-59f0rbq-3c877533d42af010149f519a18035d68 av_one_full  avia-builder-el-11  el_before_av_one_full  avia-builder-el-first  first flex_column_div'     ><section  class='av_textblock_section av-gs5c0m-eab5385b590b36757a364cb5cb6c5994'   itemscope=\"itemscope\" itemtype=\"https:\/\/schema.org\/BlogPosting\" itemprop=\"blogPost\" ><div class='avia_textblock'  itemprop=\"text\" ><p style=\"font-weight: 400;\">Je m'appelle Daryn Farrant, et je suis ravie et honor\u00e9e d'\u00eatre s\u00e9lectionn\u00e9e comme l'une des nouveaux No\u00e9 du Canada pour l'ann\u00e9e \u00e0 venir (oui, nous sommes deux !). Je vois la conservation comme une vocation et une aventure continue, un peu comme explorer un vaste monde de campagne o\u00f9 chaque esp\u00e8ce et chaque \u00e9cosyst\u00e8me a une histoire qui m\u00e9rite d'\u00eatre racont\u00e9e.<\/p>\n<p style=\"font-weight: 400;\">In the spirit of a game I love, Dungeons &amp; Dragons, here is my Canada\u2019s New Noah character sheet:<\/p>\n<\/div><\/section><br \/>\n\n<style type=\"text\/css\" data-created_by=\"avia_inline_auto\" id=\"style-css-av-fuksw4-698170a7212dbb017cd6233c12bfc5d1\">\n#top .hr.hr-invisible.av-fuksw4-698170a7212dbb017cd6233c12bfc5d1{\nheight:15px;\n}\n<\/style>\n<div  class='hr av-fuksw4-698170a7212dbb017cd6233c12bfc5d1 hr-invisible  avia-builder-el-13  el_after_av_textblock  el_before_av_textblock'><span class='hr-inner'><span class=\"hr-inner-style\"><\/span><\/span><\/div><br \/>\n<section  class='av_textblock_section av-mkn3cgx2-255b06ebe7aeb3d441fd5df2a681b5b7'   itemscope=\"itemscope\" itemtype=\"https:\/\/schema.org\/BlogPosting\" itemprop=\"blogPost\" ><div class='avia_textblock'  itemprop=\"text\" ><p style=\"font-weight: 400;\"><strong>Daryn (Dare-rin) \u2014 Garde foresti\u00e8re de niveau 3<\/strong><\/p>\n<p style=\"font-weight: 400;\"><strong>Classe (alias ce que je fais dans ma vie)<\/strong><\/p>\n<p style=\"font-weight: 400;\">J'\u00e9tais une r\u00f4deuse de niveau 3. Pas le genre avec arc et fl\u00e8ches \u00e0 la poursuite de gobelins. Mes cibles \u00e9taient un peu plus petites, mais tout aussi f\u00e9roces.<\/p>\n<p style=\"font-weight: 400;\">Mon genre de garde foresti\u00e8re ? Gardienne de parc national.<br \/>\nMa proie ? Les chev\u00eaches des terriers.<\/p>\n<p style=\"font-weight: 400;\">J'ai travaill\u00e9 comme agente de gestion des ressources I (EG-03), ce qui est le terme gouvernemental sophistiqu\u00e9 pour biologiste de terrain, au Parc national des Prairies, en Saskatchewan (Pas Plate\u2122). L\u00e0, j'\u00e9tais responsable du programme de surveillance des chev\u00eaches des terriers ainsi que du programme de surveillance de la sant\u00e9 des zones riveraines.<\/p>\n<p style=\"font-weight: 400;\">Dans ce r\u00f4le, on me faisait confiance pour planifier et coordonner les travaux de terrain, former le personnel saisonnier, affiner les protocoles de surveillance et m'assurer que les donn\u00e9es passaient du terrain aux rapports qui informaient directement les d\u00e9cisions de gestion. Mon travail \u00e9quilibrait souvent les matins t\u00f4t, les longues journ\u00e9es et la r\u00e9solution rapide de probl\u00e8mes, que ce soit adapter les relev\u00e9s \u00e0 la m\u00e9t\u00e9o, naviguer les conditions des permis pour les esp\u00e8ces en p\u00e9ril, ou s'assurer que les \u00e9quipes restaient en s\u00e9curit\u00e9 et soutenues dans des paysages de prairie \u00e9loign\u00e9s. Les Prairies m'ont appris \u00e0 quel point la conservation d\u00e9pend des gens, de la communication et d'une prise de d\u00e9cision minutieuse, pas seulement de bonnes intentions.<\/p>\n<\/div><\/section><\/p><\/div><div  class='flex_column av-4njeqjo-20d00c69b68ea744d755fb6ab0cda016 av_one_full  avia-builder-el-15  el_after_av_one_full  el_before_av_one_full  first flex_column_div  column-top-margin'     ><p>\n<style type=\"text\/css\" data-created_by=\"avia_inline_auto\" id=\"style-css-av-mkn2aaxc-c3243828fe65da1b58535a4f46e1b841\">\n.avia-image-container.av-mkn2aaxc-c3243828fe65da1b58535a4f46e1b841 img.avia_image{\nbox-shadow:none;\n}\n.avia-image-container.av-mkn2aaxc-c3243828fe65da1b58535a4f46e1b841 .av-image-caption-overlay-center{\ncolor:#ffffff;\n}\n<\/style>\n<div  class='avia-image-container av-mkn2aaxc-c3243828fe65da1b58535a4f46e1b841 av-styling- avia-align-center  avia-builder-el-16  el_before_av_hr  avia-builder-el-first'   itemprop=\"image\" itemscope=\"itemscope\" itemtype=\"https:\/\/schema.org\/ImageObject\" ><div class=\"avia-image-container-inner\"><div class=\"avia-image-overlay-wrap\"><img fetchpriority=\"high\" class='wp-image-51699 avia-img-lazy-loading-not-51699 avia_image' src='https:\/\/wildlifepreservation.ca\/wp-content\/uploads\/2026\/01\/DarynFarrant_CNN_IntroBlog_ParksCanada.jpg' alt='' title='DarynFarrant_CNN_IntroBlog_ParksCanada'  height=\"738\" width=\"1019\"  itemprop=\"thumbnailUrl\"  \/><\/div><\/div><\/div><br \/>\n\n<style type=\"text\/css\" data-created_by=\"avia_inline_auto\" id=\"style-css-av-1siri8f-3d096bb11c188c89fbe6b5998afc446a\">\n#top .hr.hr-invisible.av-1siri8f-3d096bb11c188c89fbe6b5998afc446a{\nheight:15px;\n}\n<\/style>\n<div  class='hr av-1siri8f-3d096bb11c188c89fbe6b5998afc446a hr-invisible  avia-builder-el-17  el_after_av_image  el_before_av_textblock'><span class='hr-inner'><span class=\"hr-inner-style\"><\/span><\/span><\/div><br \/>\n<section  class='av_textblock_section av-mkn2b0ms-ff84f94879ac1b5b4cec20acb5762cf6'   itemscope=\"itemscope\" itemtype=\"https:\/\/schema.org\/BlogPosting\" itemprop=\"blogPost\" ><div class='avia_textblock'  itemprop=\"text\" ><p style=\"font-weight: 400;\"><em>(Gauche) Daryn scrutant une colonie de chiens de prairie aux Broken Hills \u00e0 la recherche de chev\u00eaches des terriers. Elle porte un uniforme de Parcs Canada et tient une lunette d'observation mont\u00e9e sur un tr\u00e9pied, point\u00e9e vers le lointain. Son \u00e9quipement de terrain est \u00e9parpill\u00e9 autour d'elle, notamment un presse-papiers bleu vif avec des feuilles de donn\u00e9es.<\/em><\/p>\n<p style=\"font-weight: 400;\"><em>(Droite) Daryn apr\u00e8s une petite collation de baies de shepherdie argent\u00e9e lors d'une \u00e9valuation de la sant\u00e9 des zones riveraines. Elle porte un sac \u00e0 dos rouge vif avec un GPS attach\u00e9 et se tient devant un buisson tr\u00e8s \u00e9pineux couvert de baies rouge vif (elles sont tr\u00e8s acidul\u00e9es, si jamais vous vous posiez la question).<\/em><\/p>\n<\/div><\/section><\/p><\/div><div  class='flex_column av-3zjn23o-85d71425f4817ca8d540ea0bb7140ac1 av_one_full  avia-builder-el-19  el_after_av_one_full  el_before_av_one_full  first flex_column_div  column-top-margin'     ><section  class='av_textblock_section av-mkn2biue-864084bc2252a5fdeb9818d250383ece'   itemscope=\"itemscope\" itemtype=\"https:\/\/schema.org\/BlogPosting\" itemprop=\"blogPost\" ><div class='avia_textblock'  itemprop=\"text\" ><p style=\"font-weight: 400;\">Mais je n'ai pas toujours dirig\u00e9 des \u00e9quipes \u00e0 3 h du matin \u00e0 la recherche de petites conserves sur pattes \u00e0 travers des colonies de chiens de prairie, ou charg\u00e9 \u00e0 travers des fourr\u00e9s de brome lisse le long des berges de la rivi\u00e8re Frenchman. Comme toute aventuri\u00e8re, j'ai une histoire.<\/p>\n<p><strong>Historique<\/strong><\/p>\n<p>J'ai pass\u00e9 trois ans \u00e0 combattre les mauvaises herbes envahissantes par tous les moyens n\u00e9cessaires. Chimiques, manuels, et mon pr\u00e9f\u00e9r\u00e9 : opposer les plantes indig\u00e8nes aux non-indig\u00e8nes dans une guerre de plusieurs d\u00e9cennies, aussi connue sous le nom de restauration. Et oui, comme tout le monde dans ce domaine, j'ai absolument fait des cauchemars de monstres d'euphorbe \u00e9sule.<\/p>\n<p>Le travail de restauration m'a appris la patience et comment penser \u00e0 l'\u00e9chelle d'un \u00e9cosyst\u00e8me. La restauration des prairies ne se fait pas selon les \u00e9ch\u00e9ances humaines. Elle se d\u00e9roule plut\u00f4t sur une \u00e9chelle elfique, mesur\u00e9e en d\u00e9cennies plut\u00f4t qu'en ann\u00e9es. Apprendre \u00e0 suivre les progr\u00e8s sur de longues p\u00e9riodes a fa\u00e7onn\u00e9 ma fa\u00e7on d'aborder les probl\u00e8mes de conservation, en me concentrant moins sur les gains rapides et davantage sur la r\u00e9silience, la persistance et la pr\u00e9paration des futurs praticiens au succ\u00e8s.<\/p>\n<\/div><\/section><\/div><div  class='flex_column av-3hd7dyc-fc4d3cee2b6a6dcfb039906bf1292097 av_one_full  avia-builder-el-21  el_after_av_one_full  el_before_av_one_full  first flex_column_div  column-top-margin'     ><p>\n<style type=\"text\/css\" data-created_by=\"avia_inline_auto\" id=\"style-css-av-mkn2bx70-eb775f1cfac2db14507bc7eab7828247\">\n.avia-image-container.av-mkn2bx70-eb775f1cfac2db14507bc7eab7828247 img.avia_image{\nbox-shadow:none;\n}\n.avia-image-container.av-mkn2bx70-eb775f1cfac2db14507bc7eab7828247 .av-image-caption-overlay-center{\ncolor:#ffffff;\n}\n<\/style>\n<div  class='avia-image-container av-mkn2bx70-eb775f1cfac2db14507bc7eab7828247 av-styling- avia-align-center  avia-builder-el-22  el_before_av_hr  avia-builder-el-first'   itemprop=\"image\" itemscope=\"itemscope\" itemtype=\"https:\/\/schema.org\/ImageObject\" ><div class=\"avia-image-container-inner\"><div class=\"avia-image-overlay-wrap\"><img fetchpriority=\"high\" class='wp-image-51701 avia-img-lazy-loading-not-51701 avia_image' src='https:\/\/wildlifepreservation.ca\/wp-content\/uploads\/2026\/01\/DarynFarrant_CNN_IntroBlog_herbicidesinvasives.jpg' alt='' title='DarynFarrant_CNN_IntroBlog_herbicidesinvasives'  height=\"738\" width=\"1019\"  itemprop=\"thumbnailUrl\"  \/><\/div><\/div><\/div><br \/>\n\n<style type=\"text\/css\" data-created_by=\"avia_inline_auto\" id=\"style-css-av-3612qro-94e4eceefaf90b2c2ce1bb8d6ceead19\">\n#top .hr.hr-invisible.av-3612qro-94e4eceefaf90b2c2ce1bb8d6ceead19{\nheight:15px;\n}\n<\/style>\n<div  class='hr av-3612qro-94e4eceefaf90b2c2ce1bb8d6ceead19 hr-invisible  avia-builder-el-23  el_after_av_image  el_before_av_textblock'><span class='hr-inner'><span class=\"hr-inner-style\"><\/span><\/span><\/div><br \/>\n<section  class='av_textblock_section av-mkn2cbqn-544195537524fa073a7ed4e00d64b715'   itemscope=\"itemscope\" itemtype=\"https:\/\/schema.org\/BlogPosting\" itemprop=\"blogPost\" ><div class='avia_textblock'  itemprop=\"text\" ><p style=\"font-weight: 400;\"><em>(Gauche) Daryn dans sa \u00ab combinaison spatiale \u00bb (EPI) utilis\u00e9e pour l'application d'herbicides, avec une tache bleue suspecte de mauvaises herbes trait\u00e9es en arri\u00e8re-plan. Elle porte un respirateur \u00e0 masque complet avec le chiffre 5 \u00e9crit au marqueur sur la valve d'\u00e9vacuation et une combinaison blanche int\u00e9grale Tyvek. Un sac \u00e0 dos blanc d'herbicide avec une poign\u00e9e de pompe orange est attach\u00e9 \u00e0 son dos.<\/em><\/p>\n<p>(R<em>(Droite) Daryn tentant de remonter le moral de l'\u00e9quipe en faisant semblant de manger du brome annuel envahissant. Elle tient l'herbe dans ses deux mains, la bouche grande ouverte comme si elle prenait une bouch\u00e9e.<\/em><\/p>\n<\/div><\/section><\/p><\/div><div  class='flex_column av-1arothr-dd50dc0fd87ccc576b7b4cc0da191d67 av_one_full  avia-builder-el-25  el_after_av_one_full  el_before_av_one_full  first flex_column_div  column-top-margin'     ><p>\n<style type=\"text\/css\" data-created_by=\"avia_inline_auto\" id=\"style-css-av-mkn32o17-411f446375a07b22169d5bfcabd69f1b\">\n.avia-image-container.av-mkn32o17-411f446375a07b22169d5bfcabd69f1b img.avia_image{\nbox-shadow:none;\n}\n.avia-image-container.av-mkn32o17-411f446375a07b22169d5bfcabd69f1b .av-image-caption-overlay-center{\ncolor:#ffffff;\n}\n<\/style>\n<div  class='avia-image-container av-mkn32o17-411f446375a07b22169d5bfcabd69f1b av-styling- avia-align-center  avia-builder-el-26  el_before_av_hr  avia-builder-el-first'   itemprop=\"image\" itemscope=\"itemscope\" itemtype=\"https:\/\/schema.org\/ImageObject\" ><div class=\"avia-image-container-inner\"><div class=\"avia-image-overlay-wrap\"><img fetchpriority=\"high\" class='wp-image-51702 avia-img-lazy-loading-not-51702 avia_image' src='https:\/\/wildlifepreservation.ca\/wp-content\/uploads\/2026\/01\/DarynFarrant_CNN_IntroBlog_bagsofseed.jpg' alt='' title='DarynFarrant_CNN_IntroBlog_bagsofseed'  height=\"738\" width=\"1019\"  itemprop=\"thumbnailUrl\"  \/><\/div><\/div><\/div><br \/>\n\n<style type=\"text\/css\" data-created_by=\"avia_inline_auto\" id=\"style-css-av-n9fa8f-973f14bf727bea29680ece5a3fa21916\">\n#top .hr.hr-invisible.av-n9fa8f-973f14bf727bea29680ece5a3fa21916{\nheight:15px;\n}\n<\/style>\n<div  class='hr av-n9fa8f-973f14bf727bea29680ece5a3fa21916 hr-invisible  avia-builder-el-27  el_after_av_image  el_before_av_textblock'><span class='hr-inner'><span class=\"hr-inner-style\"><\/span><\/span><\/div><br \/>\n<section  class='av_textblock_section av-mkn32wux-96f3cdc29fd4915a4a2bd220e3eab655'   itemscope=\"itemscope\" itemtype=\"https:\/\/schema.org\/BlogPosting\" itemprop=\"blogPost\" ><div class='avia_textblock'  itemprop=\"text\" ><div><i>Daryn allong\u00e9e sur le travail dur des autres : des sacs de semences r\u00e9colt\u00e9es \u00e0 la main et achet\u00e9es par le Parc national des Prairies, pr\u00eats \u00e0 \u00eatre plant\u00e9s dans le champ de restauration de Larson. Les sacs de semences blancs sont nou\u00e9s avec de la ficelle rouge et empil\u00e9s dans un bac circulaire bleu normalement utilis\u00e9 pour abreuver le b\u00e9tail. Daryn est allong\u00e9e sur les sacs, les bras derri\u00e8re la t\u00eate et les jambes \u00e9tir\u00e9es et crois\u00e9es.<\/i><\/div>\n<\/div><\/section><\/p><\/div><div  class='flex_column av-2goyo04-3eed01d77d1de07b1c8420c6390960ed av_one_full  avia-builder-el-29  el_after_av_one_full  el_before_av_one_full  first flex_column_div  column-top-margin'     ><section  class='av_textblock_section av-mkn2ctsl-a8c7a07d5ab161baa119ba6038be2349'   itemscope=\"itemscope\" itemtype=\"https:\/\/schema.org\/BlogPosting\" itemprop=\"blogPost\" ><div class='avia_textblock'  itemprop=\"text\" ><p style=\"font-weight: 400;\">Quand je ne combattais pas les mauvaises herbes, je m'entra\u00eenais l'esprit dans le parcours du combattant que repr\u00e9sentent les \u00e9tudes sup\u00e9rieures dans ma patrie de Winnipeg, au Manitoba. Pendant mes ann\u00e9es d'\u00e9tudes au Parc national des Prairies, j'\u00e9tais heureusement pass\u00e9e d'un projet \u00e0 l'autre, toujours d\u00e9sireuse d'apprendre et refusant rarement un nouveau d\u00e9fi. Un jour je pouvais aider \u00e0 la surveillance des esp\u00e8ces en p\u00e9ril, le lendemain aider aux relev\u00e9s de v\u00e9g\u00e9tation, au nettoyage des donn\u00e9es, ou \u00e0 toute t\u00e2che n\u00e9cessitant une paire de mains suppl\u00e9mentaire (et on avait toujours besoin de mains suppl\u00e9mentaires).<\/p>\n<p>Je m'\u00e9panouissais dans ce type d'environnement d'apprentissage, passant d'un pr\u00e9l\u00e8vement de terriers de chiens de prairie \u00e0 la queue noire pour d\u00e9tecter des puces pouvant transmettre la peste (oui, c'\u00e9tait un vrai risque professionnel, et non, je ne les ai pas crus au d\u00e9but) \u00e0 l'\u00e9valuation de la repousse de la sauge argent\u00e9e dans une zone de br\u00fblage dirig\u00e9, absorbant des comp\u00e9tences et assemblant lentement comment toutes les pi\u00e8ces mobiles de la conservation s'embo\u00eetent. Chaque r\u00f4le ajoutait quelque chose de nouveau \u00e0 ma bo\u00eete \u00e0 outils et me donnait envie de passer plus de temps sur le terrain.<\/p>\n<p>Mes racines en conservation sont profondes. Ma m\u00e8re aimait plaisanter en disant que j'\u00e9tais une nymphe des bois en grandissant. Peut-\u00eatre savait-elle avant ma naissance que ce serait toujours mon chemin. Appelons \u00e7a l'intuition maternelle ou des pouvoirs oraculaires, mais elle m'a nomm\u00e9e d'apr\u00e8s la d\u00e9esse galloise des ch\u00eanes, juste orthographi\u00e9e un peu diff\u00e9remment. J'ai grandi en faisant de la randonn\u00e9e avec ma famille, en dirigeant des clubs de conservation et en emmenant des amis en voyages de canot de plusieurs jours.<\/p>\n<\/div><\/section><br \/>\n\n<style type=\"text\/css\" data-created_by=\"avia_inline_auto\" id=\"style-css-av-18nawkk-729c888fd0719b8ddd7930f49cba6583\">\n#top .hr.hr-invisible.av-18nawkk-729c888fd0719b8ddd7930f49cba6583{\nheight:15px;\n}\n<\/style>\n<div  class='hr av-18nawkk-729c888fd0719b8ddd7930f49cba6583 hr-invisible  avia-builder-el-31  el_after_av_textblock  el_before_av_textblock'><span class='hr-inner'><span class=\"hr-inner-style\"><\/span><\/span><\/div><br \/>\n<section  class='av_textblock_section av-mkn3dkhc-e8c01f7ab2512bb2b434586780869a3a'   itemscope=\"itemscope\" itemtype=\"https:\/\/schema.org\/BlogPosting\" itemprop=\"blogPost\" ><div class='avia_textblock'  itemprop=\"text\" ><p><strong>Liens (alias mes amours et mes d\u00e9testations)<\/strong><\/p>\n<p><strong>Ennemis : <\/strong>l'agropyre \u00e0 cr\u00eate, marcher en mont\u00e9e, la moutarde, l'orthographe.<strong><br \/>\nAmours : <\/strong>La couleur orange br\u00fbl\u00e9, mon chat Tippy, le canot et les herps (reptiles et amphibiens).<\/p>\n<p>Derni\u00e8rement, je me suis plong\u00e9e davantage dans le monde des herps. Cela comprend un cours d'herp\u00e9tologie de terrain au Costa Rica et un projet \u00e0 Grasslands ax\u00e9 sur la maladie fongique des serpents. L'\u00e9tincelle de cet int\u00e9r\u00eat est venue lors de mon cours d'\u00e9cologie communautaire, quand mon professeur a d\u00e9crit un endroit myst\u00e9rieux o\u00f9 il fallait regarder chaque pas sous peine de marcher sur un serpent \u00e0 sonnettes. J'ai pens\u00e9, <em>wow, chouette, j'adorerais voir \u00e7a un jour.<\/em><\/p>\n<p>Quelques semaines plus tard, j'ai accept\u00e9 un poste au Parc national des Prairies et, \u00e0 ma surprise, j'ai crois\u00e9 le m\u00eame professeur. Il s'est av\u00e9r\u00e9 que l'endroit qu'il avait d\u00e9crit \u00e9tait le Puits aux serpents, un hibernaculum \u00e0 serpents \u00e0 sonnettes \u00e0 l'int\u00e9rieur du parc. Il m'a pr\u00e9sent\u00e9 ces animaux souvent mal compris, m'apprenant \u00e0 manipuler les serpents en toute s\u00e9curit\u00e9, \u00e0 les d\u00e9placer hors des routes et \u00e0 lire leur comportement. J'\u00e9tais compl\u00e8tement accro. Vous me dites qu'il y a un l\u00e9zard au Canada qui projette du sang par les yeux et donne naissance \u00e0 des petits vivants ? Et d'une fa\u00e7on ou d'une autre, ils sont encore adorables ?<\/p>\n<p>En v\u00e9rit\u00e9, cette fascination a commenc\u00e9 bien avant cela. Enfant, je faisais pagayer mes parents loin de leur chemin lors de voyages en canot juste pour pouvoir m'arr\u00eater et admirer une tortue ou une grenouille. L'obsession pour les herps \u00e9tait in\u00e9vitable.<\/p>\n<\/div><\/section><\/p><\/div><div  class='flex_column av-1w4bfgk-f31da177a5b0b4035348875c08d61771 av_one_full  avia-builder-el-33  el_after_av_one_full  el_before_av_one_full  first flex_column_div  column-top-margin'     ><p>\n<style type=\"text\/css\" data-created_by=\"avia_inline_auto\" id=\"style-css-av-1gntkbo-bee4e7bdb33abbdec158df398bccd6a1\">\n.avia-image-container.av-1gntkbo-bee4e7bdb33abbdec158df398bccd6a1 img.avia_image{\nbox-shadow:none;\n}\n.avia-image-container.av-1gntkbo-bee4e7bdb33abbdec158df398bccd6a1 .av-image-caption-overlay-center{\ncolor:#ffffff;\n}\n<\/style>\n<div  class='avia-image-container av-1gntkbo-bee4e7bdb33abbdec158df398bccd6a1 av-styling- avia-align-center  avia-builder-el-34  el_before_av_hr  avia-builder-el-first'   itemprop=\"image\" itemscope=\"itemscope\" itemtype=\"https:\/\/schema.org\/ImageObject\" ><div class=\"avia-image-container-inner\"><div class=\"avia-image-overlay-wrap\"><img fetchpriority=\"high\" class='wp-image-51704 avia-img-lazy-loading-not-51704 avia_image' src='https:\/\/wildlifepreservation.ca\/wp-content\/uploads\/2026\/01\/DarynFarrant_CNN_IntroBlog_LizardandSnake.jpg' alt='' title='DarynFarrant_CNN_IntroBlog_LizardandSnake'  height=\"738\" width=\"1019\"  itemprop=\"thumbnailUrl\"  \/><\/div><\/div><\/div><br \/>\n\n<style type=\"text\/css\" data-created_by=\"avia_inline_auto\" id=\"style-css-av-12vmwrz-9d6a8252cf71b36557d55838008128c4\">\n#top .hr.hr-invisible.av-12vmwrz-9d6a8252cf71b36557d55838008128c4{\nheight:15px;\n}\n<\/style>\n<div  class='hr av-12vmwrz-9d6a8252cf71b36557d55838008128c4 hr-invisible  avia-builder-el-35  el_after_av_image  el_before_av_textblock'><span class='hr-inner'><span class=\"hr-inner-style\"><\/span><\/span><\/div><br \/>\n<section  class='av_textblock_section av-s0ru4k-be26e1c296124a35cc5402201cd34bb7'   itemscope=\"itemscope\" itemtype=\"https:\/\/schema.org\/BlogPosting\" itemprop=\"blogPost\" ><div class='avia_textblock'  itemprop=\"text\" ><p style=\"font-weight: 400;\"><em>(Gauche) Daryn regardant amoureusement dans les yeux une femelle gravide de l\u00e9zard \u00e0 petites cornes. Elle tient le petit l\u00e9zard \u00e0 t\u00eate \u00e9pineuse dans sa main gauche. Les pattes du l\u00e9zard d\u00e9passent \u00e0 peine de ses doigts, et son corps arrondi tient facilement dans sa paume.<\/em> <em>Aucun signe de la fameuse d\u00e9fense de projection de sang n'a \u00e9t\u00e9 observ\u00e9 lors de cette rencontre, bien que cette tactique particuli\u00e8re soit r\u00e9serv\u00e9e aux pr\u00e9dateurs canid\u00e9s de toute fa\u00e7on.<\/em><\/p>\n<p style=\"font-weight: 400;\"><em>(Droite) Daryn pr\u00e9levant le ventre d'un serpent taureau pour d\u00e9tecter la maladie fongique des serpents. Elle tient la moiti\u00e9 inf\u00e9rieure du serpent tandis qu'une autre personne soutient la t\u00eate. Dans son autre main, elle tient un long coton-tige pr\u00e8s du ventre du serpent. Le serpent mesure un peu plus d'un m\u00e8tre, avec des taches brun fonc\u00e9 sur un corps beige. (Le serpent \u00e9tait tr\u00e8s calme et a essay\u00e9 de monter dans sa manche.)<\/em><\/p>\n<\/div><\/section><\/p><\/div><div  class='flex_column av-ws6j6s-fa2bb8a8e046819c46db883895773516 av_one_full  avia-builder-el-37  el_after_av_one_full  el_before_av_one_full  first flex_column_div  column-top-margin'     ><section  class='av_textblock_section av-mkn2i04d-96e4c915a8798442713e124a24869f96'   itemscope=\"itemscope\" itemtype=\"https:\/\/schema.org\/BlogPosting\" itemprop=\"blogPost\" ><div class='avia_textblock'  itemprop=\"text\" ><p style=\"font-weight: 400;\"><strong>Langues<\/strong><\/p>\n<p>Je suis bilingue. Trilingue, si vous comptez le langage \u00e9sot\u00e9rique du jargon gouvernemental. J'ai grandi dans une maison anglophone et j'ai suivi une scolarit\u00e9 en immersion fran\u00e7aise, commen\u00e7ant mes \u00e9tudes postsecondaires \u00e0 l'Universit\u00e9 de Saint-Boniface \u00e0 Winnipeg. Apr\u00e8s avoir \u00e9puis\u00e9 les cours d'\u00e9cologie (oups !), je suis all\u00e9e vaincre le vrai grand m\u00e9chant : ma th\u00e8se d'honneur sur la restauration des champs de prairie \u00e0 l'Universit\u00e9 du Manitoba.<\/p>\n<p><strong>Comp\u00e9tences<\/strong><\/p>\n<ul style=\"font-weight: 400;\">\n<li>Distinguer les brins d'herbe similaires les uns des autres (identification de la v\u00e9g\u00e9tation)<\/li>\n<li>Cartographier les envahisseurs ennemis (cartographie des plantes envahissantes)<\/li>\n<li>Petites prises en t\u00eate d'oiseau (prise de bagueur)<\/li>\n<li>Coordination d'\u00e9quipe, remont\u00e9e de moral et logistique des collations<\/li>\n<li>Convaincre les animaux que je ne suis pas, en fait, une menace (r\u00e9sultats peuvent varier)<\/li>\n<li>Para\u00eetre calme dans des environnements impliquant chaleur, vent, boue, \u00e9pines et chaos inattendu<\/li>\n<li>Identifier les esp\u00e8ces par intuition seule<\/li>\n<li>Relocaliser doucement les animaux qui ont fait des choix de vie discutables (routes, b\u00e2timents)<\/li>\n<li>Expliquer pourquoi quelque chose qui semble effrayant est en fait tr\u00e8s cool<\/li>\n<li>R\u00e9soudre des probl\u00e8mes avec du ruban adh\u00e9sif et de l'optimisme<\/li>\n<\/ul>\n<p style=\"font-weight: 400;\">Ma premi\u00e8re exp\u00e9rience professionnelle en manipulation d'animaux est venue gr\u00e2ce au laboratoire Koper, gr\u00e2ce \u00e0 une \u00e9tudiante dipl\u00f4m\u00e9e nomm\u00e9e Lee qui m'a fait confiance quand j'avais tr\u00e8s peu d'exp\u00e9rience. Ensemble, nous transportions de lourdes batteries \u00e0 travers des champs de prairie pour surveiller des nids de bruants \u00e0 ventre noir. Je m'allongeais \u00e0 plat dans l'herbe, regardant attentivement pour m'assurer que les parents revenaient apr\u00e8s que nous avions install\u00e9 des cam\u00e9ras d\u00e9guis\u00e9es avec de la v\u00e9g\u00e9tation fix\u00e9e avec des attaches. \u00c7a ressemblait \u00e0 de l'aff\u00fbt dans la savane, ou plus pr\u00e9cis\u00e9ment, \u00e0 se cacher tr\u00e8s immobile en esp\u00e9rant que personne ne me remarque.<\/p>\n<p>J'ai aid\u00e9 \u00e0 peser des oisillons, surveill\u00e9 le comportement et aid\u00e9 avec le filetage des m\u00e2les territoriaux en utilisant la repasse et un leurre nomm\u00e9 Felix. Il \u00e9tait fascinant de voir quelque chose d'aussi petit \u00eatre si audacieux et agressif. Cette exp\u00e9rience m'a montr\u00e9 la confiance impliqu\u00e9e dans le travail avec la faune et la responsabilit\u00e9 qui en d\u00e9coule. C'\u00e9tait aussi le moment o\u00f9 j'ai su que j'appartenais au terrain.<\/p>\n<\/div><\/section><\/div><div  class='flex_column av-5kjwfj-a4afc0ac99a72fc90f25d9733562f738 av_one_full  avia-builder-el-39  el_after_av_one_full  el_before_av_one_full  first flex_column_div  column-top-margin'     ><p>\n<style type=\"text\/css\" data-created_by=\"avia_inline_auto\" id=\"style-css-av-mkn37suj-8bc1c20c45350643cf2ba5ccca6c76d8\">\n.avia-image-container.av-mkn37suj-8bc1c20c45350643cf2ba5ccca6c76d8 img.avia_image{\nbox-shadow:none;\n}\n.avia-image-container.av-mkn37suj-8bc1c20c45350643cf2ba5ccca6c76d8 .av-image-caption-overlay-center{\ncolor:#ffffff;\n}\n<\/style>\n<div  class='avia-image-container av-mkn37suj-8bc1c20c45350643cf2ba5ccca6c76d8 av-styling- avia-align-center  avia-builder-el-40  el_before_av_hr  avia-builder-el-first'   itemprop=\"image\" itemscope=\"itemscope\" itemtype=\"https:\/\/schema.org\/ImageObject\" ><div class=\"avia-image-container-inner\"><div class=\"avia-image-overlay-wrap\"><img fetchpriority=\"high\" class='wp-image-51705 avia-img-lazy-loading-not-51705 avia_image' src='https:\/\/wildlifepreservation.ca\/wp-content\/uploads\/2026\/01\/DarynFarrant_CNN_IntroBlog_DarynBanding.jpg' alt='' title='DarynFarrant_CNN_IntroBlog_DarynBanding'  height=\"738\" width=\"1019\"  itemprop=\"thumbnailUrl\"  \/><\/div><\/div><\/div><br \/>\n\n<style type=\"text\/css\" data-created_by=\"avia_inline_auto\" id=\"style-css-av-15a7c4v-6a8ca4cd09d24f86437a7e14abb7dba0\">\n#top .hr.hr-invisible.av-15a7c4v-6a8ca4cd09d24f86437a7e14abb7dba0{\nheight:15px;\n}\n<\/style>\n<div  class='hr av-15a7c4v-6a8ca4cd09d24f86437a7e14abb7dba0 hr-invisible  avia-builder-el-41  el_after_av_image  el_before_av_textblock'><span class='hr-inner'><span class=\"hr-inner-style\"><\/span><\/span><\/div><br \/>\n<section  class='av_textblock_section av-mkn37z7t-7bc7540f8ca8e886d9d267f9c4f5f7e4'   itemscope=\"itemscope\" itemtype=\"https:\/\/schema.org\/BlogPosting\" itemprop=\"blogPost\" ><div class='avia_textblock'  itemprop=\"text\" ><p style=\"font-weight: 400;\"><em>Daryn pla\u00e7ant un m\u00e2le bruant \u00e0 ventre noir dans la \u00ab petite prise en t\u00eate d'oiseau \u00bb (prise de bagueur) tout en lui fixant des bandes d'identification. Elle est assise en tailleur dans l'herbe, tenant des pinces de baguage dans une main et l'oiseau, avec ses ailes bien repli\u00e9es, dans l'autre. L'oiseau a un ventre et une couronne noirs. Daryn porte un masque en raison des restrictions li\u00e9es \u00e0 la COVID-19.<\/em><\/p>\n<\/div><\/section><\/p><\/div><div  class='flex_column av-jk01kf-ca4da34be25065f17a84dede9d35c682 av_one_full  avia-builder-el-43  el_after_av_one_full  avia-builder-el-last  first flex_column_div  column-top-margin'     ><section  class='av_textblock_section av-mkn38ppu-f7c0618713e6cb8ff274e74a6ad29bf4'   itemscope=\"itemscope\" itemtype=\"https:\/\/schema.org\/BlogPosting\" itemprop=\"blogPost\" ><div class='avia_textblock'  itemprop=\"text\" ><p style=\"font-weight: 400;\"><strong>Alignement (alias dans quelle direction pointe ma boussole morale)<\/strong><\/p>\n<p>Neutre Bien. Un jour donn\u00e9, j'oscille entre chaotique et loyal. J'ai un sens fort de ce qui est juste et je crois vraiment que nous pouvons faire une diff\u00e9rence. M\u00eame un petit progr\u00e8s reste un progr\u00e8s. Je peux \u00eatre directe sur ce qui doit \u00eatre fait, mais je suis toujours pr\u00eate \u00e0 donner un coup de main. Quand les choses deviennent difficiles, j'aime insuffler de la l\u00e9g\u00e8ret\u00e9 et du plaisir dans mon travail. Parce que le travail est dur ne veut pas dire qu'on ne peut pas appr\u00e9cier de le faire.<\/p>\n<p><strong>\u00c9quipement<\/strong><\/p>\n<p style=\"font-weight: 400;\">Si vous regardiez dans le sac de cette aventuri\u00e8re, vous y trouveriez des \u00e9p\u00e9es. Je plaisante. Je les laisse particuli\u00e8rement derri\u00e8re cette fois, car la s\u00e9curit\u00e9 de l'a\u00e9roport ne serait pas impressionn\u00e9e. \u00c0 la place, vous y trouveriez :<\/p>\n<ul style=\"font-weight: 400;\">\n<li><strong>Au moins deux bouteilles Nalgene, <\/strong>couvertes d'autocollants (reliques des endroits o\u00f9 j'ai \u00e9t\u00e9)<\/li>\n<li><strong>Beaucoup de collations <\/strong>(pour la s\u00e9curit\u00e9 de mes compagnons, je deviens irritable quand j'ai faim)<\/li>\n<li><strong>Trop de mousquetons <\/strong>(accrocher des choses est incroyablement utile)<\/li>\n<li><strong>Des jumelles<\/strong> (non seulement pour les oiseaux, les plantes aussi)<\/li>\n<li><strong>Des gants en nitrile <\/strong>(au cas o\u00f9 j'aurais besoin d'attraper un herp, respectueusement)<\/li>\n<li><strong>Un GPS <\/strong>charg\u00e9 de points de cheminement que je jure absolument me rappeler plus tard<\/li>\n<li><strong>Un crochet \u00e0 serpents <\/strong>(pour la faune avec de fortes opinions sur l'espace personnel)<\/li>\n<li><strong>De la cr\u00e8me solaire <\/strong>appliqu\u00e9e une fois le matin puis compl\u00e8tement oubli\u00e9e<\/li>\n<li><strong>Un outil multifonction <\/strong>qui r\u00e9sout 80 % des probl\u00e8mes et cr\u00e9e les 20 % restants<\/li>\n<li><strong>Un carnet de terrain <\/strong>dans lequel je JURE que j'\u00e9crirai cette fois<\/li>\n<li><strong>Une roche de soutien \u00e9motionnel <\/strong>ramass\u00e9e quelque part d'important (pas dans le parc national, rire nerveux)<\/li>\n<\/ul>\n<p style=\"font-weight: 400;\"><strong>Pourquoi ce voyage compte<\/strong><\/p>\n<p>Rejoindre Les Prochains No\u00e9 du Canada signifie saisir une opportunit\u00e9 unique dans une vie d'\u00e9largir mes comp\u00e9tences en r\u00e9tablissement des esp\u00e8ces en danger et en gestion pratique de la conservation gr\u00e2ce au Certificat de gestion des esp\u00e8ces en danger de Durrell et au travail de terrain concret \u00e0 l'\u00eele Maurice. J'ai h\u00e2te de rapporter ces le\u00e7ons chez moi pour renforcer les efforts de r\u00e9tablissement de la faune au Canada, comme les No\u00e9 pr\u00e9c\u00e9dents l'ont fait avant moi.<\/p>\n<p>Je suis ravie de partager ce voyage, y compris les d\u00e9fis, les d\u00e9couvertes et les histoires. J'esp\u00e8re que \u00e7a inspirera d'autres personnes \u00e0 voir la conservation comme une science s\u00e9rieuse et une aventure partag\u00e9e.<\/p>\n<\/div><\/section><br \/>\n\n<style type=\"text\/css\" data-created_by=\"avia_inline_auto\" id=\"style-css-av-w52wxb-0e563b7dcbd2c8cfea0770fb2f330986\">\n#top .hr.hr-invisible.av-w52wxb-0e563b7dcbd2c8cfea0770fb2f330986{\nheight:15px;\n}\n<\/style>\n<div  class='hr av-w52wxb-0e563b7dcbd2c8cfea0770fb2f330986 hr-invisible  avia-builder-el-45  el_after_av_textblock  avia-builder-el-last'><span class='hr-inner'><span class=\"hr-inner-style\"><\/span><\/span><\/div><\/p><\/div>\n\n<\/div><\/div><\/div><!-- close content main div --><\/div><\/div>\n<style type=\"text\/css\" data-created_by=\"avia_inline_auto\" id=\"style-css-av-1zx08k6-e3a617cc154852084eda56c6e279f482\">\n.avia-section.av-1zx08k6-e3a617cc154852084eda56c6e279f482{\nbackground-color:#f8fbf4;\nbackground-image:unset;\n}\n<\/style>\n<div id='blog-inner'  class='avia-section av-1zx08k6-e3a617cc154852084eda56c6e279f482 main_color avia-section-default avia-no-border-styling  avia-builder-el-46  el_after_av_section  el_before_av_section  blog-section avia-bg-style-scroll container_wrap fullsize'  ><div class='container av-section-cont-open' ><div class='template-page content  av-content-full alpha units'><div class='post-entry post-entry-type-page post-entry-51695'><div class='entry-content-wrapper clearfix'>\n<div  class='flex_column av-1ov48za-78f554d58ef47cbd8fffa55494b475de av_one_full  avia-builder-el-47  el_before_av_one_full  avia-builder-el-first  more-articles-section first flex_column_div'     ><section  class='av_textblock_section av-19hw9o6-ba8a33f93c354d05106462526ac96ba8'   itemscope=\"itemscope\" itemtype=\"https:\/\/schema.org\/BlogPosting\" itemprop=\"blogPost\" ><div class='avia_textblock'  itemprop=\"text\" ><h2>Plus d'articles comme celui-ci<\/h2>\n<\/div><\/section><\/div><div  class='flex_column av-l0sviu-ed18798918d04696a374bc2e424c4ee4 av_one_full  avia-builder-el-49  el_after_av_one_full  avia-builder-el-last  more-articles-section first flex_column_div  column-top-margin'     ><section  class='av_textblock_section av-lflaaiiv-c80b11387b61c7be167f96f5f437683f'   itemscope=\"itemscope\" itemtype=\"https:\/\/schema.org\/BlogPosting\" itemprop=\"blogPost\" ><div class='avia_textblock'  itemprop=\"text\" ><div class=\"custom-taxonomy-post-wrapper\"><div><div class=\"custom-taxonomy-post\" ><a href=\"https:\/\/wildlifepreservation.ca\/fr\/blog\/keep-calm-and-carrion\/\"><img decoding=\"async\" loading=\"lazy\" width=\"400\" height=\"401\" src=\"https:\/\/wildlifepreservation.ca\/wp-content\/uploads\/2026\/08\/Thumbnail_20260813_CNN_BeardedVulture_HollyCale.jpg\" class=\"wp-image-56134 avia-img-lazy-loading-56134 attachment-post-thumbnail size-post-thumbnail wp-post-image\" alt=\"\" srcset=\"https:\/\/wildlifepreservation.ca\/wp-content\/uploads\/2026\/08\/Thumbnail_20260813_CNN_BeardedVulture_HollyCale.jpg 400w, https:\/\/wildlifepreservation.ca\/wp-content\/uploads\/2026\/08\/Thumbnail_20260813_CNN_BeardedVulture_HollyCale-300x300.jpg 300w, https:\/\/wildlifepreservation.ca\/wp-content\/uploads\/2026\/08\/Thumbnail_20260813_CNN_BeardedVulture_HollyCale-80x80.jpg 80w, https:\/\/wildlifepreservation.ca\/wp-content\/uploads\/2026\/08\/Thumbnail_20260813_CNN_BeardedVulture_HollyCale-12x12.jpg 12w, https:\/\/wildlifepreservation.ca\/wp-content\/uploads\/2026\/08\/Thumbnail_20260813_CNN_BeardedVulture_HollyCale-36x36.jpg 36w, https:\/\/wildlifepreservation.ca\/wp-content\/uploads\/2026\/08\/Thumbnail_20260813_CNN_BeardedVulture_HollyCale-180x180.jpg 180w\" sizes=\"auto, (max-width: 400px) 100vw, 400px\" \/><\/a><\/div><div>par Jenna Kissel<\/div><a href=\"https:\/\/wildlifepreservation.ca\/fr\/blog\/keep-calm-and-carrion\/\">Restez calme et carcasses<\/a><\/div><div><div class=\"custom-taxonomy-post\" ><a href=\"https:\/\/wildlifepreservation.ca\/fr\/blog\/a-most-precious-cargo\/\"><img decoding=\"async\" loading=\"lazy\" width=\"400\" height=\"400\" src=\"https:\/\/wildlifepreservation.ca\/wp-content\/uploads\/2026\/08\/Thumbnail_AMostPreciousCargo_DarynJuniperCutting_DarynFarrant.jpg\" class=\"wp-image-56123 avia-img-lazy-loading-56123 attachment-post-thumbnail size-post-thumbnail wp-post-image\" alt=\"\" srcset=\"https:\/\/wildlifepreservation.ca\/wp-content\/uploads\/2026\/08\/Thumbnail_AMostPreciousCargo_DarynJuniperCutting_DarynFarrant.jpg 400w, https:\/\/wildlifepreservation.ca\/wp-content\/uploads\/2026\/08\/Thumbnail_AMostPreciousCargo_DarynJuniperCutting_DarynFarrant-300x300.jpg 300w, https:\/\/wildlifepreservation.ca\/wp-content\/uploads\/2026\/08\/Thumbnail_AMostPreciousCargo_DarynJuniperCutting_DarynFarrant-80x80.jpg 80w, https:\/\/wildlifepreservation.ca\/wp-content\/uploads\/2026\/08\/Thumbnail_AMostPreciousCargo_DarynJuniperCutting_DarynFarrant-12x12.jpg 12w, https:\/\/wildlifepreservation.ca\/wp-content\/uploads\/2026\/08\/Thumbnail_AMostPreciousCargo_DarynJuniperCutting_DarynFarrant-36x36.jpg 36w, https:\/\/wildlifepreservation.ca\/wp-content\/uploads\/2026\/08\/Thumbnail_AMostPreciousCargo_DarynJuniperCutting_DarynFarrant-180x180.jpg 180w\" sizes=\"auto, (max-width: 400px) 100vw, 400px\" \/><\/a><\/div><div>by Daryn Farrant<\/div><a href=\"https:\/\/wildlifepreservation.ca\/fr\/blog\/a-most-precious-cargo\/\">Une cargaison tr\u00e8s pr\u00e9cieuse<\/a><\/div><div><div class=\"custom-taxonomy-post\" ><a href=\"https:\/\/wildlifepreservation.ca\/fr\/blog\/so-long-london\/\"><img decoding=\"async\" loading=\"lazy\" width=\"400\" height=\"400\" src=\"https:\/\/wildlifepreservation.ca\/wp-content\/uploads\/2026\/08\/Thumbnail_20260512_CNN_JennaAndSherbert_TomMorath.jpg\" class=\"wp-image-55730 avia-img-lazy-loading-55730 attachment-post-thumbnail size-post-thumbnail wp-post-image\" alt=\"\" srcset=\"https:\/\/wildlifepreservation.ca\/wp-content\/uploads\/2026\/08\/Thumbnail_20260512_CNN_JennaAndSherbert_TomMorath.jpg 400w, https:\/\/wildlifepreservation.ca\/wp-content\/uploads\/2026\/08\/Thumbnail_20260512_CNN_JennaAndSherbert_TomMorath-300x300.jpg 300w, https:\/\/wildlifepreservation.ca\/wp-content\/uploads\/2026\/08\/Thumbnail_20260512_CNN_JennaAndSherbert_TomMorath-80x80.jpg 80w, https:\/\/wildlifepreservation.ca\/wp-content\/uploads\/2026\/08\/Thumbnail_20260512_CNN_JennaAndSherbert_TomMorath-12x12.jpg 12w, https:\/\/wildlifepreservation.ca\/wp-content\/uploads\/2026\/08\/Thumbnail_20260512_CNN_JennaAndSherbert_TomMorath-36x36.jpg 36w, https:\/\/wildlifepreservation.ca\/wp-content\/uploads\/2026\/08\/Thumbnail_20260512_CNN_JennaAndSherbert_TomMorath-180x180.jpg 180w\" sizes=\"auto, (max-width: 400px) 100vw, 400px\" \/><\/a><\/div><div>par Jenna Kissel<\/div><a href=\"https:\/\/wildlifepreservation.ca\/fr\/blog\/so-long-london\/\">Au revoir, Londres<\/a><\/div><\/div>\n<\/div><\/section><\/div>\n\n\n<style type=\"text\/css\" data-created_by=\"avia_inline_auto\" id=\"style-css-av-1qw4672-ac9ad09780334286905a82002dcf0d10\">\n.avia-section.av-1qw4672-ac9ad09780334286905a82002dcf0d10{\nbackground-repeat:no-repeat;\nbackground-image:url(https:\/\/wildlifepreservation.ca\/wp-content\/uploads\/2021\/02\/New-website-header-photo-2.png);\nbackground-position:0% 0%;\nbackground-attachment:scroll;\n}\n<\/style>\n<div id='av_section_6'  class='avia-section av-1qw4672-ac9ad09780334286905a82002dcf0d10 main_color avia-section-default avia-no-border-styling  avia-builder-el-0  el_before_av_section  avia-builder-el-first  need-your-help-wrapper avia-full-stretch avia-bg-style-scroll container_wrap fullsize'  data-section-bg-repeat='stretch'><div class='container av-section-cont-open' ><main  role=\"main\" itemprop=\"mainContentOfPage\"  class='template-page content  av-content-full alpha units'><div class='post-entry post-entry-type-page post-entry-51695'><div class='entry-content-wrapper clearfix'>\n<div  class='flex_column av-18uojj2-92bf2fbfa03ad77c97110008563f6fd5 av_one_full first flex_column_div'     ><section  class='av_textblock_section av-n9lkri-41f6aedc7ff225c4c8448204990e2089'   itemscope=\"itemscope\" itemtype=\"https:\/\/schema.org\/BlogPosting\" itemprop=\"blogPost\" ><div class='avia_textblock'  itemprop=\"text\" ><p style=\"text-align: center;\">Nous avons besoin de votre aide<\/p>\n<h1 style=\"text-align: center;\">Faites un don pour sauver les esp\u00e8ces menac\u00e9es<\/h1>\n<\/div><\/section><br \/>\n<div  class='avia-button-wrap av-ls25fq2m-b3895464a96a2de0a49782d00cef0aef-wrap avia-button-center  heart-button'>\n<style type=\"text\/css\" data-created_by=\"avia_inline_auto\" id=\"style-css-av-ls25fq2m-b3895464a96a2de0a49782d00cef0aef\">\n#top #wrap_all .avia-button.av-ls25fq2m-b3895464a96a2de0a49782d00cef0aef:hover{\ncolor:white;\ntransition:all 0.4s ease-in-out;\n}\n#top #wrap_all .avia-button.av-ls25fq2m-b3895464a96a2de0a49782d00cef0aef:hover .avia-svg-icon svg:first-child{\nfill:white;\nstroke:white;\n}\n<\/style>\n<a href='https:\/\/wildlifepreservation.ca\/fr\/donate\/'  class='avia-button av-ls25fq2m-b3895464a96a2de0a49782d00cef0aef av-link-btn avia-icon_select-no avia-size-small avia-position-center avia-color-theme-color avia-font-color-theme-color'   aria-label=\"Faire un don\"><span class='avia_iconbox_title' >Faire un don<\/span><span class='avia_button_background avia-button avia-color-theme-color-highlight' ><\/span><\/a><\/div><\/p><\/div>","protected":false},"excerpt":{"rendered":"","protected":false},"author":132,"featured_media":51707,"comment_status":"closed","ping_status":"closed","sticky":false,"template":"","format":"standard","meta":{"inline_featured_image":false,"footnotes":""},"categories":[5,10],"tags":[],"class_list":["post-51695","post","type-post","status-publish","format-standard","has-post-thumbnail","hentry","category-canadas-new-noah","category-news-and-events"],"yoast_head":"<!-- This site is optimized with the Yoast SEO plugin v28.4 - https:\/\/yoast.com\/product\/yoast-seo-wordpress\/ -->\n<title>Daryn Farrant - WPC&#039;s 36th Canada&#039;s New Noah - Wildlife Preservation Canada Canada&#039;s New Noah<\/title>\n<meta name=\"description\" content=\"Wildlife Preservation Canada\u2019s mission is to save animal species at risk from extinction in Canada by providing direct, hands-on care. Learn more aboutCanada&#039;s New Noah\" \/>\n<meta name=\"robots\" content=\"index, follow, max-snippet:-1, max-image-preview:large, max-video-preview:-1\" \/>\n<link rel=\"canonical\" href=\"https:\/\/wildlifepreservation.ca\/fr\/blog\/new-noah-daryn-farrant\/\" \/>\n<meta property=\"og:locale\" content=\"fr_CA\" \/>\n<meta property=\"og:type\" content=\"article\" \/>\n<meta property=\"og:title\" content=\"Daryn Farrant - WPC&#039;s 36th Canada&#039;s New Noah - Wildlife Preservation Canada Canada&#039;s New Noah\" \/>\n<meta property=\"og:description\" content=\"Wildlife Preservation Canada\u2019s mission is to save animal species at risk from extinction in Canada by providing direct, hands-on care. Learn more aboutCanada&#039;s New Noah\" \/>\n<meta property=\"og:url\" content=\"https:\/\/wildlifepreservation.ca\/fr\/blog\/new-noah-daryn-farrant\/\" \/>\n<meta property=\"og:site_name\" content=\"Wildlife Preservation Canada\" \/>\n<meta property=\"article:published_time\" content=\"2026-01-22T17:52:02+00:00\" \/>\n<meta property=\"article:modified_time\" content=\"2026-08-16T13:26:05+00:00\" \/>\n<meta property=\"og:image\" content=\"https:\/\/wildlifepreservation.ca\/wp-content\/uploads\/2026\/01\/Daryn-Headshot_Thumbnail.jpg\" \/>\n\t<meta property=\"og:image:width\" content=\"400\" \/>\n\t<meta property=\"og:image:height\" content=\"400\" \/>\n\t<meta property=\"og:image:type\" content=\"image\/jpeg\" \/>\n<meta name=\"author\" content=\"Daryn Farrant\" \/>\n<meta name=\"twitter:card\" content=\"summary_large_image\" \/>\n<script type=\"application\/ld+json\" class=\"yoast-schema-graph\">{\"@context\":\"https:\\\/\\\/schema.org\",\"@graph\":[{\"@type\":\"Article\",\"@id\":\"https:\\\/\\\/wildlifepreservation.ca\\\/blog\\\/new-noah-daryn-farrant\\\/#article\",\"isPartOf\":{\"@id\":\"https:\\\/\\\/wildlifepreservation.ca\\\/blog\\\/new-noah-daryn-farrant\\\/\"},\"author\":{\"name\":\"Daryn Farrant\",\"@id\":\"https:\\\/\\\/wildlifepreservation.ca\\\/#\\\/schema\\\/person\\\/919756dc2f23c1467b02c4bd2631d548\"},\"headline\":\"Daryn Farrant &#8211; WPC&#8217;s 36th Canada&#8217;s New Noah\",\"datePublished\":\"2026-01-22T17:52:02+00:00\",\"dateModified\":\"2026-08-16T13:26:05+00:00\",\"mainEntityOfPage\":{\"@id\":\"https:\\\/\\\/wildlifepreservation.ca\\\/blog\\\/new-noah-daryn-farrant\\\/\"},\"wordCount\":11441,\"image\":{\"@id\":\"https:\\\/\\\/wildlifepreservation.ca\\\/blog\\\/new-noah-daryn-farrant\\\/#primaryimage\"},\"thumbnailUrl\":\"https:\\\/\\\/wildlifepreservation.ca\\\/wp-content\\\/uploads\\\/2026\\\/01\\\/Daryn-Headshot_Thumbnail.jpg\",\"articleSection\":[\"Canada's New Noah\",\"News and Events\"],\"inLanguage\":\"fr-CA\"},{\"@type\":\"WebPage\",\"@id\":\"https:\\\/\\\/wildlifepreservation.ca\\\/blog\\\/new-noah-daryn-farrant\\\/\",\"url\":\"https:\\\/\\\/wildlifepreservation.ca\\\/blog\\\/new-noah-daryn-farrant\\\/\",\"name\":\"Daryn Farrant - WPC's 36th Canada's New Noah - Wildlife Preservation Canada Canada's New Noah\",\"isPartOf\":{\"@id\":\"https:\\\/\\\/wildlifepreservation.ca\\\/#website\"},\"primaryImageOfPage\":{\"@id\":\"https:\\\/\\\/wildlifepreservation.ca\\\/blog\\\/new-noah-daryn-farrant\\\/#primaryimage\"},\"image\":{\"@id\":\"https:\\\/\\\/wildlifepreservation.ca\\\/blog\\\/new-noah-daryn-farrant\\\/#primaryimage\"},\"thumbnailUrl\":\"https:\\\/\\\/wildlifepreservation.ca\\\/wp-content\\\/uploads\\\/2026\\\/01\\\/Daryn-Headshot_Thumbnail.jpg\",\"datePublished\":\"2026-01-22T17:52:02+00:00\",\"dateModified\":\"2026-08-16T13:26:05+00:00\",\"author\":{\"@id\":\"https:\\\/\\\/wildlifepreservation.ca\\\/#\\\/schema\\\/person\\\/919756dc2f23c1467b02c4bd2631d548\"},\"description\":\"Wildlife Preservation Canada\u2019s mission is to save animal species at risk from extinction in Canada by providing direct, hands-on care. Learn more aboutCanada's New Noah\",\"breadcrumb\":{\"@id\":\"https:\\\/\\\/wildlifepreservation.ca\\\/blog\\\/new-noah-daryn-farrant\\\/#breadcrumb\"},\"inLanguage\":\"fr-CA\",\"potentialAction\":[{\"@type\":\"ReadAction\",\"target\":[\"https:\\\/\\\/wildlifepreservation.ca\\\/blog\\\/new-noah-daryn-farrant\\\/\"]}]},{\"@type\":\"ImageObject\",\"inLanguage\":\"fr-CA\",\"@id\":\"https:\\\/\\\/wildlifepreservation.ca\\\/blog\\\/new-noah-daryn-farrant\\\/#primaryimage\",\"url\":\"https:\\\/\\\/wildlifepreservation.ca\\\/wp-content\\\/uploads\\\/2026\\\/01\\\/Daryn-Headshot_Thumbnail.jpg\",\"contentUrl\":\"https:\\\/\\\/wildlifepreservation.ca\\\/wp-content\\\/uploads\\\/2026\\\/01\\\/Daryn-Headshot_Thumbnail.jpg\",\"width\":400,\"height\":400},{\"@type\":\"BreadcrumbList\",\"@id\":\"https:\\\/\\\/wildlifepreservation.ca\\\/blog\\\/new-noah-daryn-farrant\\\/#breadcrumb\",\"itemListElement\":[{\"@type\":\"ListItem\",\"position\":1,\"name\":\"Home\",\"item\":\"https:\\\/\\\/wildlifepreservation.ca\\\/home\\\/\"},{\"@type\":\"ListItem\",\"position\":2,\"name\":\"Daryn Farrant &#8211; WPC&#8217;s 36th Canada&#8217;s New Noah\"}]},{\"@type\":\"WebSite\",\"@id\":\"https:\\\/\\\/wildlifepreservation.ca\\\/#website\",\"url\":\"https:\\\/\\\/wildlifepreservation.ca\\\/\",\"name\":\"Wildlife Preservation Canada\",\"description\":\"Canada&#039;s last defence for endangered species.\",\"potentialAction\":[{\"@type\":\"SearchAction\",\"target\":{\"@type\":\"EntryPoint\",\"urlTemplate\":\"https:\\\/\\\/wildlifepreservation.ca\\\/?s={search_term_string}\"},\"query-input\":{\"@type\":\"PropertyValueSpecification\",\"valueRequired\":true,\"valueName\":\"search_term_string\"}}],\"inLanguage\":\"fr-CA\"},{\"@type\":\"Person\",\"@id\":\"https:\\\/\\\/wildlifepreservation.ca\\\/#\\\/schema\\\/person\\\/919756dc2f23c1467b02c4bd2631d548\",\"name\":\"Daryn Farrant\",\"image\":{\"@type\":\"ImageObject\",\"inLanguage\":\"fr-CA\",\"@id\":\"https:\\\/\\\/secure.gravatar.com\\\/avatar\\\/0e8831abec94246dc74ca684e2d4d3e07da3975d3095078cb60cbf70db535923?s=96&d=mm&r=g\",\"url\":\"https:\\\/\\\/secure.gravatar.com\\\/avatar\\\/0e8831abec94246dc74ca684e2d4d3e07da3975d3095078cb60cbf70db535923?s=96&d=mm&r=g\",\"contentUrl\":\"https:\\\/\\\/secure.gravatar.com\\\/avatar\\\/0e8831abec94246dc74ca684e2d4d3e07da3975d3095078cb60cbf70db535923?s=96&d=mm&r=g\",\"caption\":\"Daryn Farrant\"}}]}<\/script>\n<!-- \/ Yoast SEO plugin. -->","yoast_head_json":{"title":"Daryn Farrant - WPC's 36th Canada's New Noah - Wildlife Preservation Canada Canada's New Noah","description":"Wildlife Preservation Canada\u2019s mission is to save animal species at risk from extinction in Canada by providing direct, hands-on care. Learn more aboutCanada's New Noah","robots":{"index":"index","follow":"follow","max-snippet":"max-snippet:-1","max-image-preview":"max-image-preview:large","max-video-preview":"max-video-preview:-1"},"canonical":"https:\/\/wildlifepreservation.ca\/fr\/blog\/new-noah-daryn-farrant\/","og_locale":"fr_CA","og_type":"article","og_title":"Daryn Farrant - WPC's 36th Canada's New Noah - Wildlife Preservation Canada Canada's New Noah","og_description":"Wildlife Preservation Canada\u2019s mission is to save animal species at risk from extinction in Canada by providing direct, hands-on care. Learn more aboutCanada's New Noah","og_url":"https:\/\/wildlifepreservation.ca\/fr\/blog\/new-noah-daryn-farrant\/","og_site_name":"Wildlife Preservation Canada","article_published_time":"2026-01-22T17:52:02+00:00","article_modified_time":"2026-08-16T13:26:05+00:00","og_image":[{"width":400,"height":400,"url":"https:\/\/wildlifepreservation.ca\/wp-content\/uploads\/2026\/01\/Daryn-Headshot_Thumbnail.jpg","type":"image\/jpeg"}],"author":"Daryn Farrant","twitter_card":"summary_large_image","schema":{"@context":"https:\/\/schema.org","@graph":[{"@type":"Article","@id":"https:\/\/wildlifepreservation.ca\/blog\/new-noah-daryn-farrant\/#article","isPartOf":{"@id":"https:\/\/wildlifepreservation.ca\/blog\/new-noah-daryn-farrant\/"},"author":{"name":"Daryn Farrant","@id":"https:\/\/wildlifepreservation.ca\/#\/schema\/person\/919756dc2f23c1467b02c4bd2631d548"},"headline":"Daryn Farrant &#8211; WPC&#8217;s 36th Canada&#8217;s New Noah","datePublished":"2026-01-22T17:52:02+00:00","dateModified":"2026-08-16T13:26:05+00:00","mainEntityOfPage":{"@id":"https:\/\/wildlifepreservation.ca\/blog\/new-noah-daryn-farrant\/"},"wordCount":11441,"image":{"@id":"https:\/\/wildlifepreservation.ca\/blog\/new-noah-daryn-farrant\/#primaryimage"},"thumbnailUrl":"https:\/\/wildlifepreservation.ca\/wp-content\/uploads\/2026\/01\/Daryn-Headshot_Thumbnail.jpg","articleSection":["Canada's New Noah","News and Events"],"inLanguage":"fr-CA"},{"@type":"WebPage","@id":"https:\/\/wildlifepreservation.ca\/blog\/new-noah-daryn-farrant\/","url":"https:\/\/wildlifepreservation.ca\/blog\/new-noah-daryn-farrant\/","name":"Daryn Farrant - WPC's 36th Canada's New Noah - Wildlife Preservation Canada Canada's New Noah","isPartOf":{"@id":"https:\/\/wildlifepreservation.ca\/#website"},"primaryImageOfPage":{"@id":"https:\/\/wildlifepreservation.ca\/blog\/new-noah-daryn-farrant\/#primaryimage"},"image":{"@id":"https:\/\/wildlifepreservation.ca\/blog\/new-noah-daryn-farrant\/#primaryimage"},"thumbnailUrl":"https:\/\/wildlifepreservation.ca\/wp-content\/uploads\/2026\/01\/Daryn-Headshot_Thumbnail.jpg","datePublished":"2026-01-22T17:52:02+00:00","dateModified":"2026-08-16T13:26:05+00:00","author":{"@id":"https:\/\/wildlifepreservation.ca\/#\/schema\/person\/919756dc2f23c1467b02c4bd2631d548"},"description":"Wildlife Preservation Canada\u2019s mission is to save animal species at risk from extinction in Canada by providing direct, hands-on care. Learn more aboutCanada's New Noah","breadcrumb":{"@id":"https:\/\/wildlifepreservation.ca\/blog\/new-noah-daryn-farrant\/#breadcrumb"},"inLanguage":"fr-CA","potentialAction":[{"@type":"ReadAction","target":["https:\/\/wildlifepreservation.ca\/blog\/new-noah-daryn-farrant\/"]}]},{"@type":"ImageObject","inLanguage":"fr-CA","@id":"https:\/\/wildlifepreservation.ca\/blog\/new-noah-daryn-farrant\/#primaryimage","url":"https:\/\/wildlifepreservation.ca\/wp-content\/uploads\/2026\/01\/Daryn-Headshot_Thumbnail.jpg","contentUrl":"https:\/\/wildlifepreservation.ca\/wp-content\/uploads\/2026\/01\/Daryn-Headshot_Thumbnail.jpg","width":400,"height":400},{"@type":"BreadcrumbList","@id":"https:\/\/wildlifepreservation.ca\/blog\/new-noah-daryn-farrant\/#breadcrumb","itemListElement":[{"@type":"ListItem","position":1,"name":"Home","item":"https:\/\/wildlifepreservation.ca\/home\/"},{"@type":"ListItem","position":2,"name":"Daryn Farrant &#8211; WPC&#8217;s 36th Canada&#8217;s New Noah"}]},{"@type":"WebSite","@id":"https:\/\/wildlifepreservation.ca\/#website","url":"https:\/\/wildlifepreservation.ca\/","name":"Conservation de la faune au Canada","description":"Canada&#039;s last defence for endangered species.","potentialAction":[{"@type":"SearchAction","target":{"@type":"EntryPoint","urlTemplate":"https:\/\/wildlifepreservation.ca\/?s={search_term_string}"},"query-input":{"@type":"PropertyValueSpecification","valueRequired":true,"valueName":"search_term_string"}}],"inLanguage":"fr-CA"},{"@type":"Person","@id":"https:\/\/wildlifepreservation.ca\/#\/schema\/person\/919756dc2f23c1467b02c4bd2631d548","name":"Daryn Farrant","image":{"@type":"ImageObject","inLanguage":"fr-CA","@id":"https:\/\/secure.gravatar.com\/avatar\/0e8831abec94246dc74ca684e2d4d3e07da3975d3095078cb60cbf70db535923?s=96&d=mm&r=g","url":"https:\/\/secure.gravatar.com\/avatar\/0e8831abec94246dc74ca684e2d4d3e07da3975d3095078cb60cbf70db535923?s=96&d=mm&r=g","contentUrl":"https:\/\/secure.gravatar.com\/avatar\/0e8831abec94246dc74ca684e2d4d3e07da3975d3095078cb60cbf70db535923?s=96&d=mm&r=g","caption":"Daryn Farrant"}}]}},"_links":{"self":[{"href":"https:\/\/wildlifepreservation.ca\/fr\/wp-json\/wp\/v2\/posts\/51695","targetHints":{"allow":["GET"]}}],"collection":[{"href":"https:\/\/wildlifepreservation.ca\/fr\/wp-json\/wp\/v2\/posts"}],"about":[{"href":"https:\/\/wildlifepreservation.ca\/fr\/wp-json\/wp\/v2\/types\/post"}],"author":[{"embeddable":true,"href":"https:\/\/wildlifepreservation.ca\/fr\/wp-json\/wp\/v2\/users\/132"}],"replies":[{"embeddable":true,"href":"https:\/\/wildlifepreservation.ca\/fr\/wp-json\/wp\/v2\/comments?post=51695"}],"version-history":[{"count":3,"href":"https:\/\/wildlifepreservation.ca\/fr\/wp-json\/wp\/v2\/posts\/51695\/revisions"}],"predecessor-version":[{"id":55670,"href":"https:\/\/wildlifepreservation.ca\/fr\/wp-json\/wp\/v2\/posts\/51695\/revisions\/55670"}],"wp:featuredmedia":[{"embeddable":true,"href":"https:\/\/wildlifepreservation.ca\/fr\/wp-json\/wp\/v2\/media\/51707"}],"wp:attachment":[{"href":"https:\/\/wildlifepreservation.ca\/fr\/wp-json\/wp\/v2\/media?parent=51695"}],"wp:term":[{"taxonomy":"category","embeddable":true,"href":"https:\/\/wildlifepreservation.ca\/fr\/wp-json\/wp\/v2\/categories?post=51695"},{"taxonomy":"post_tag","embeddable":true,"href":"https:\/\/wildlifepreservation.ca\/fr\/wp-json\/wp\/v2\/tags?post=51695"}],"curies":[{"name":"wp","href":"https:\/\/api.w.org\/{rel}","templated":true}]}}